{"id":126425,"date":"2024-09-27T09:19:56","date_gmt":"2024-09-27T12:19:56","guid":{"rendered":"https:\/\/cdnoticias.com\/?p=126425"},"modified":"2024-09-27T11:52:54","modified_gmt":"2024-09-27T14:52:54","slug":"jornada-especial-de-vacunacion-en-el-dia-mundial-contra-la-rabia","status":"publish","type":"post","link":"https:\/\/cdnoticias.com\/index.php\/2024\/09\/27\/jornada-especial-de-vacunacion-en-el-dia-mundial-contra-la-rabia\/","title":{"rendered":"Jornada especial de vacunaci\u00f3n en el D\u00eda Mundial contra la Rabia"},"content":{"rendered":"\n<p>Ser\u00e1 este s\u00e1bado de 9:30 a 13:00 en el Prado Espa\u00f1ol. Vacunar\u00e1n perros y gatos de forma gratuita.<\/p>\n\n\n\n<hr class=\"wp-block-separator has-alpha-channel-opacity\"\/>\n\n\n\n<p>Como complemento de la campa\u00f1a anual de vacunaci\u00f3n antirr\u00e1bica canina y felina, y<strong> en el marco de la conmemoraci\u00f3n del D\u00eda Mundial contra la Rabia; <\/strong>desde Bromatolog\u00eda del Municipio se invita a la poblaci\u00f3n a acercarse con sus animales (caninos y felinos) al puesto de vacunaci\u00f3n.<\/p>\n\n\n\n<p><\/p>\n\n\n\n<blockquote class=\"wp-block-quote is-layout-flow wp-block-quote-is-layout-flow\">\n<p>Esta propuesta tendr\u00e1 lugar en la Plaza Espa\u00f1a (25 de Mayo y D\u00e1maso Arce) de 9:30 a 13 horas, el s\u00e1bado 28 del corriente mes; se vacunar\u00e1n perros y gatos a partir de los tres meses, de forma gratuita.<\/p>\n<\/blockquote>\n\n\n\n<p><\/p>\n\n\n\n<p>Asimismo, se record\u00f3 que se encuentra en pleno desarrollo la <strong>campa\u00f1a anual de vacunaci\u00f3n antirr\u00e1bica<\/strong>, por medio de la cual profesionales de Bromatolog\u00eda recorren los barrios y localidades del Partido.<\/p>\n\n\n\n<p><\/p>\n\n\n\n<figure class=\"wp-block-image size-full\"><img data-recalc-dims=\"1\" loading=\"lazy\" decoding=\"async\" width=\"800\" height=\"800\" src=\"https:\/\/i0.wp.com\/cdnoticias.com\/wp-content\/uploads\/2024\/09\/BROMATOLOGIA-jornada-antirrabica-1024x1024-1.jpeg?resize=800%2C800&#038;ssl=1\" alt=\"\" class=\"wp-image-126426\" srcset=\"https:\/\/i0.wp.com\/cdnoticias.com\/wp-content\/uploads\/2024\/09\/BROMATOLOGIA-jornada-antirrabica-1024x1024-1.jpeg?w=800&amp;ssl=1 800w, https:\/\/i0.wp.com\/cdnoticias.com\/wp-content\/uploads\/2024\/09\/BROMATOLOGIA-jornada-antirrabica-1024x1024-1.jpeg?resize=300%2C300&amp;ssl=1 300w, https:\/\/i0.wp.com\/cdnoticias.com\/wp-content\/uploads\/2024\/09\/BROMATOLOGIA-jornada-antirrabica-1024x1024-1.jpeg?resize=150%2C150&amp;ssl=1 150w, https:\/\/i0.wp.com\/cdnoticias.com\/wp-content\/uploads\/2024\/09\/BROMATOLOGIA-jornada-antirrabica-1024x1024-1.jpeg?resize=768%2C768&amp;ssl=1 768w\" sizes=\"auto, (max-width: 800px) 100vw, 800px\" \/><\/figure>\n\n\n\n<p><\/p>\n\n\n\n<p><strong>D\u00eda contra la Rabia<\/strong><\/p>\n\n\n\n<p><\/p>\n\n\n\n<p>Cada<strong> 28 de septiembre <\/strong>se conmemora en todo el mundo el <strong>D\u00eda contra la Rabia.<\/strong> La elecci\u00f3n de esta fecha no es azarosa: ese d\u00eda, pero en 1895, falleci\u00f3 Luis Pasteur, el cient\u00edfico franc\u00e9s que cre\u00f3 la vacuna antirr\u00e1bica y permiti\u00f3 as\u00ed que se salvaran much\u00edsimas vidas.<\/p>\n\n\n\n<p><\/p>\n\n\n\n<p>Esta fecha es una oportunidad para<strong> promover la lucha contra la enfermedad, aumentar la concientizaci\u00f3n sobre su prevenci\u00f3n y conmemorar los logros alcanzados.<\/strong><\/p>\n\n\n\n<p><\/p>\n\n\n\n<p>El prop\u00f3sito del D\u00eda Mundial contra la Rabia es que la sociedad tome conciencia de lo importante que es<strong> vacunar a los animales<\/strong> para proteger tanto su salud como la salud de las personas.<\/p>\n\n\n\n<p><\/p>\n\n\n\n<p>La rabia es <strong>causada por un virus<\/strong> que se propaga a las personas a trav\u00e9s de la saliva de los animales dom\u00e9sticos o salvajes infectados por medio de mordeduras o ara\u00f1azos.<\/p>\n\n\n\n<p><\/p>\n\n\n\n<p>La vacunaci\u00f3n canina y felina masiva <strong>es la herramienta m\u00e1s efectiva<\/strong> y constituye la principal acci\u00f3n para la prevenci\u00f3n de la rabia en los animales.<\/p>\n\n\n\n<p><\/p>\n\n\n\n<p>Desde la Direcci\u00f3n de Bromatolog\u00eda se promueve y se trabaja permanentemente sobre la prevenci\u00f3n de esta enfermedad, por tal motivo se recuerda que actualmente se encuentra en desarrollo la Campa\u00f1a anual de Vacunaci\u00f3n Antirr\u00e1bica, en la cual se disponen m\u00e1s de 40 puestos distribuidos por todos los barrios y localidades del partido.<\/p>\n\n\n\n<p><\/p>\n\n\n\n<p>\u201cLa vacunaci\u00f3n anual de todos los animales de compa\u00f1\u00eda resulta indispensable para pensar en una futura erradicaci\u00f3n de la rabia. Si queremos tener a nuestros animales mucho tiempo con salud, <strong>hay que vacunarlos todos los a\u00f1os, toda la vida del animal<\/strong>\u201d, sostiene Bromatolog\u00eda.<\/p>\n","protected":false},"excerpt":{"rendered":"<p>Ser\u00e1 este s\u00e1bado de 9:30 a 13:00 en el Prado Espa\u00f1ol. Vacunar\u00e1n perros y gatos de forma gratuita. Como complemento<\/p>\n","protected":false},"author":2,"featured_media":98448,"comment_status":"closed","ping_status":"closed","sticky":false,"template":"","format":"standard","meta":{"_jetpack_memberships_contains_paid_content":false,"footnotes":""},"categories":[5,1],"tags":[],"class_list":["post-126425","post","type-post","status-publish","format-standard","has-post-thumbnail","hentry","category-informacion-general","category-portada"],"jetpack_featured_media_url":"https:\/\/i0.wp.com\/cdnoticias.com\/wp-content\/uploads\/2023\/10\/Bromatologia-Antirrabica-1-1024x682-1.jpg?fit=1024%2C682&ssl=1","jetpack_sharing_enabled":true,"_links":{"self":[{"href":"https:\/\/cdnoticias.com\/index.php\/wp-json\/wp\/v2\/posts\/126425","targetHints":{"allow":["GET"]}}],"collection":[{"href":"https:\/\/cdnoticias.com\/index.php\/wp-json\/wp\/v2\/posts"}],"about":[{"href":"https:\/\/cdnoticias.com\/index.php\/wp-json\/wp\/v2\/types\/post"}],"author":[{"embeddable":true,"href":"https:\/\/cdnoticias.com\/index.php\/wp-json\/wp\/v2\/users\/2"}],"replies":[{"embeddable":true,"href":"https:\/\/cdnoticias.com\/index.php\/wp-json\/wp\/v2\/comments?post=126425"}],"version-history":[{"count":0,"href":"https:\/\/cdnoticias.com\/index.php\/wp-json\/wp\/v2\/posts\/126425\/revisions"}],"wp:featuredmedia":[{"embeddable":true,"href":"https:\/\/cdnoticias.com\/index.php\/wp-json\/wp\/v2\/media\/98448"}],"wp:attachment":[{"href":"https:\/\/cdnoticias.com\/index.php\/wp-json\/wp\/v2\/media?parent=126425"}],"wp:term":[{"taxonomy":"category","embeddable":true,"href":"https:\/\/cdnoticias.com\/index.php\/wp-json\/wp\/v2\/categories?post=126425"},{"taxonomy":"post_tag","embeddable":true,"href":"https:\/\/cdnoticias.com\/index.php\/wp-json\/wp\/v2\/tags?post=126425"}],"curies":[{"name":"wp","href":"https:\/\/api.w.org\/{rel}","templated":true}]}}