{"id":126421,"date":"2024-09-26T11:17:11","date_gmt":"2024-09-26T14:17:11","guid":{"rendered":"https:\/\/cdnoticias.com\/?p=126421"},"modified":"2024-09-26T17:14:53","modified_gmt":"2024-09-26T20:14:53","slug":"ate-lo-mas-triste-es-que-los-organismos-se-estan-cerrando","status":"publish","type":"post","link":"https:\/\/cdnoticias.com\/index.php\/2024\/09\/26\/ate-lo-mas-triste-es-que-los-organismos-se-estan-cerrando\/","title":{"rendered":"ATE: \u201clo m\u00e1s triste es que los organismos se est\u00e1n cerrando\u201d"},"content":{"rendered":"\n<p>La secretaria general de ATE Olavarr\u00eda se expres\u00f3 ante la amenaza de una nueva ola de despidos masivos. La situaci\u00f3n en Olavarr\u00eda tras los cortes de contrato en Desarrollo Social de Naci\u00f3n.<\/p>\n\n\n\n<hr class=\"wp-block-separator has-alpha-channel-opacity\"\/>\n\n\n\n<p>La<strong> secretaria general de ATE en Olavarr\u00eda, Mar\u00eda Luisa Quintana, <\/strong>se refiri\u00f3 a la movilizaci\u00f3n que se concretar\u00e1 en el mediod\u00eda de este jueves a Plaza de Mayo ante la amenaza de una tercera ola de despidos masivos a fin de mes.<\/p>\n\n\n\n<p><\/p>\n\n\n\n<p>\u201cNo es paro, es una movilizaci\u00f3n para los organismos nacionales, por eso los compa\u00f1eros auxiliares est\u00e1n en las escuelas porque no es d\u00eda de paro, <strong>hay clases normalmente<\/strong>\u201d, resalt\u00f3 la dirigente local en di\u00e1logo con<em> Levantate (Radio Sapiens).<\/em><\/p>\n\n\n\n<p><\/p>\n\n\n\n<p>Son casi 65 mil los contratos del Estado que fueron renovados tan solo por tres meses y que <strong>el Gobierno planea concluir este 30 de septiembre.<\/strong> En ese sentido, Quintana se\u00f1al\u00f3 que \u201cac\u00e1 ya fueron cesanteados todos los que estaban en el CDR, en Desarrollo Social. Qued\u00f3 una sola compa\u00f1era que ella es de planta permanente\u201d.<\/p>\n\n\n\n<p><\/p>\n\n\n\n<figure class=\"wp-block-embed is-type-wp-embed is-provider-central-de-noticias-olavarr-a wp-block-embed-central-de-noticias-olavarr-a\"><div class=\"wp-block-embed__wrapper\">\n<blockquote class=\"wp-embedded-content\" data-secret=\"P4Fn4NBJ4B\"><a href=\"https:\/\/cdnoticias.com\/index.php\/2024\/04\/03\/corte-de-contratos-en-desarrollo-social-de-la-nacion-no-hubo-ningun-criterio-fue-al-azar\/\">Corte de contratos en Desarrollo Social de la Naci\u00f3n: \u201cNo hubo ning\u00fan criterio, fue al azar\u201d<\/a><\/blockquote><iframe loading=\"lazy\" class=\"wp-embedded-content\" sandbox=\"allow-scripts\" security=\"restricted\" style=\"position: absolute; visibility: hidden;\" title=\"&#8220;Corte de contratos en Desarrollo Social de la Naci\u00f3n: \u201cNo hubo ning\u00fan criterio, fue al azar\u201d&#8221; &#8212; Central de Noticias | Olavarr\u00eda\" src=\"https:\/\/cdnoticias.com\/index.php\/2024\/04\/03\/corte-de-contratos-en-desarrollo-social-de-la-nacion-no-hubo-ningun-criterio-fue-al-azar\/embed\/#?secret=wUXVFPt2wE#?secret=P4Fn4NBJ4B\" data-secret=\"P4Fn4NBJ4B\" width=\"600\" height=\"338\" frameborder=\"0\" marginwidth=\"0\" marginheight=\"0\" scrolling=\"no\"><\/iframe>\n<\/div><\/figure>\n\n\n\n<p><\/p>\n\n\n\n<blockquote class=\"wp-block-quote is-layout-flow wp-block-quote-is-layout-flow\">\n<p>Adem\u00e1s, indic\u00f3 que <strong>\u201clo m\u00e1s triste de todo esto es que los organismos se est\u00e1n cerrando\u201d<\/strong> y cit\u00f3 como ejemplo que \u201cel jefe de Desarrollo Social, del CDR, se tuvo que ir a trabajar a Saladillo porque si no se queda sin trabajo. Se fue a vivir a saladillo, te da mucha bronca, ten\u00e9s que desarmar tu vida porque tu familia se queda ac\u00e1 y \u00e9l se tiene que ir a otro lado para seguir manteniendo el sueldo\u201d.<\/p>\n<\/blockquote>\n\n\n\n<p><\/p>\n\n\n\n<p>Asimismo confirm\u00f3 que la pr\u00f3xima semana se unir\u00e1n a la <a href=\"https:\/\/cdnoticias.com\/index.php\/2024\/09\/26\/gremios-bonaerenses-se-suman-a-la-marcha-federal-universitaria\/\" data-type=\"link\" data-id=\"https:\/\/cdnoticias.com\/index.php\/2024\/09\/26\/gremios-bonaerenses-se-suman-a-la-marcha-federal-universitaria\/\">Marcha Federal Universitaria<\/a>. <strong>\u201cVa a ser una medida de fuerza con paro\u201d<\/strong>, concluy\u00f3 Mar\u00eda Luisa Quintana.<\/p>\n\n\n\n<p><\/p>\n\n\n\n<p><\/p>\n\n\n\n<p><\/p>\n","protected":false},"excerpt":{"rendered":"<p>La secretaria general de ATE Olavarr\u00eda se expres\u00f3 ante la amenaza de una nueva ola de despidos masivos. La situaci\u00f3n<\/p>\n","protected":false},"author":2,"featured_media":112893,"comment_status":"closed","ping_status":"closed","sticky":false,"template":"","format":"standard","meta":{"_jetpack_memberships_contains_paid_content":false,"footnotes":""},"categories":[5,1],"tags":[],"class_list":["post-126421","post","type-post","status-publish","format-standard","has-post-thumbnail","hentry","category-informacion-general","category-portada"],"jetpack_featured_media_url":"https:\/\/i0.wp.com\/cdnoticias.com\/wp-content\/uploads\/2024\/04\/ate-quintana-reclamo-despidos-nacion-.jpg?fit=800%2C445&ssl=1","jetpack_sharing_enabled":true,"_links":{"self":[{"href":"https:\/\/cdnoticias.com\/index.php\/wp-json\/wp\/v2\/posts\/126421","targetHints":{"allow":["GET"]}}],"collection":[{"href":"https:\/\/cdnoticias.com\/index.php\/wp-json\/wp\/v2\/posts"}],"about":[{"href":"https:\/\/cdnoticias.com\/index.php\/wp-json\/wp\/v2\/types\/post"}],"author":[{"embeddable":true,"href":"https:\/\/cdnoticias.com\/index.php\/wp-json\/wp\/v2\/users\/2"}],"replies":[{"embeddable":true,"href":"https:\/\/cdnoticias.com\/index.php\/wp-json\/wp\/v2\/comments?post=126421"}],"version-history":[{"count":0,"href":"https:\/\/cdnoticias.com\/index.php\/wp-json\/wp\/v2\/posts\/126421\/revisions"}],"wp:featuredmedia":[{"embeddable":true,"href":"https:\/\/cdnoticias.com\/index.php\/wp-json\/wp\/v2\/media\/112893"}],"wp:attachment":[{"href":"https:\/\/cdnoticias.com\/index.php\/wp-json\/wp\/v2\/media?parent=126421"}],"wp:term":[{"taxonomy":"category","embeddable":true,"href":"https:\/\/cdnoticias.com\/index.php\/wp-json\/wp\/v2\/categories?post=126421"},{"taxonomy":"post_tag","embeddable":true,"href":"https:\/\/cdnoticias.com\/index.php\/wp-json\/wp\/v2\/tags?post=126421"}],"curies":[{"name":"wp","href":"https:\/\/api.w.org\/{rel}","templated":true}]}}