{"id":12642,"date":"2021-01-31T13:18:23","date_gmt":"2021-01-31T16:18:23","guid":{"rendered":"http:\/\/www.centraldenoticias.com.ar\/?p=12642"},"modified":"2021-01-31T15:11:30","modified_gmt":"2021-01-31T18:11:30","slug":"nuevo-intendente-y-las-definiciones-para-la-vuelta-a-las-escuelas","status":"publish","type":"post","link":"https:\/\/cdnoticias.com\/index.php\/2021\/01\/31\/nuevo-intendente-y-las-definiciones-para-la-vuelta-a-las-escuelas\/","title":{"rendered":"Nuevo intendente y las definiciones para la vuelta a las escuelas"},"content":{"rendered":"<p>Con Galli de vacaciones, Mujica ser\u00e1 el jefe comunal desde este lunes. El regreso a clases y la irresponsabilidad opositora.<!--more--><\/p>\n<hr \/>\n<p>La semana que se inicia es tambi\u00e9n un nuevo mes y <strong>habr\u00e1 novedades pol\u00edticas m\u00e1s que destacadas<\/strong> en Olavarr\u00eda y en la Provincia.<\/p>\n<p>Por un lado, <strong>el intendente Ezequiel Galli comenzar\u00e1 sus vacaciones y asumir\u00e1 el interino, Juan Mujica<\/strong>.<\/p>\n<p>Adem\u00e1s, la gesti\u00f3n de Kicillof -ahora con <a href=\"https:\/\/cdnoticias.com\/index.php\/2021\/01\/30\/se-publico-el-decreto-de-extension-del-dispo-clases-presenciales-la-prioridad\/\" target=\"_blank\" rel=\"noopener\">decreto nacional habilitante<\/a>&#8211; prev\u00e9 la vuelta a las clases presenciales y para ello ya <a href=\"https:\/\/cdnoticias.com\/index.php\/2021\/01\/31\/comenzo-la-vacunacion-de-adultos-mayores-y-docentes\/\" target=\"_blank\" rel=\"noopener\">se organiz\u00f3 la vacunaci\u00f3n a los docentes<\/a>. <strong>Los que integran los grupos de riesgo ante el Covid ser\u00e1n los primeros.<\/strong><\/p>\n<p><strong>Se siente, se siente, Mujica intendente<\/strong><\/p>\n<p>El concejal que encabez\u00f3 la lista del 2019 de Juntos por el Cambio, <strong>Juan Mujica, ser\u00e1 intendente interino durante 28 d\u00edas desde este lunes<\/strong>. Es decir, un mes entero, por la licencia del Intendente Galli aprobada el a\u00f1o pasado en el Concejo Deliberante.<\/p>\n<figure id=\"attachment_9511\" aria-describedby=\"caption-attachment-9511\" style=\"width: 600px\" class=\"wp-caption aligncenter\"><img data-recalc-dims=\"1\" loading=\"lazy\" decoding=\"async\" class=\"wp-image-9511\" src=\"https:\/\/i0.wp.com\/cdnoticias.com\/wp-content\/uploads\/2020\/12\/hcd-presupuesto2021-1.jpg?resize=600%2C400&#038;ssl=1\" alt=\"\" width=\"600\" height=\"400\" srcset=\"https:\/\/i0.wp.com\/cdnoticias.com\/wp-content\/uploads\/2020\/12\/hcd-presupuesto2021-1.jpg?resize=300%2C200&amp;ssl=1 300w, https:\/\/i0.wp.com\/cdnoticias.com\/wp-content\/uploads\/2020\/12\/hcd-presupuesto2021-1.jpg?resize=768%2C512&amp;ssl=1 768w, https:\/\/i0.wp.com\/cdnoticias.com\/wp-content\/uploads\/2020\/12\/hcd-presupuesto2021-1.jpg?resize=1024%2C683&amp;ssl=1 1024w, https:\/\/i0.wp.com\/cdnoticias.com\/wp-content\/uploads\/2020\/12\/hcd-presupuesto2021-1.jpg?resize=272%2C182&amp;ssl=1 272w, https:\/\/i0.wp.com\/cdnoticias.com\/wp-content\/uploads\/2020\/12\/hcd-presupuesto2021-1.jpg?w=1600&amp;ssl=1 1600w, https:\/\/i0.wp.com\/cdnoticias.com\/wp-content\/uploads\/2020\/12\/hcd-presupuesto2021-1.jpg?w=2400&amp;ssl=1 2400w\" sizes=\"auto, (max-width: 600px) 100vw, 600px\" \/><figcaption id=\"caption-attachment-9511\" class=\"wp-caption-text\">Juan Mujica dejar\u00e1 el Legislativo por un mes y asumir\u00e1 en el Ejecutivo.<\/figcaption><\/figure>\n<p>\u00a1Un mes! Qui\u00e9n pudiera: oficialmente se explic\u00f3 que la que arranque este lunes ser\u00e1, apenas,<strong> la tercera vez desde 2015 que el intendente Ezequiel Galli se toma una licencia por vacaciones<\/strong>. Quedar\u00e1 a cargo su equipo, con un Concejo que vuelve a la actividad con un cambio para nada menor.<\/p>\n<p>Guillermo Lascano (que estuvo en la lista del Intendente Galli pero ahora es un ac\u00e9rrimo opositor del oficialismo) asumir\u00e1 en lugar de Mujica, y <strong>durante todo febrero el Concejo Deliberante funcionar\u00e1 con mayor\u00eda opositora<\/strong>. No vaya a ser cosa que&#8230;bueno, para una sesi\u00f3n especial se necesitan siete firmas.<\/p>\n<p><strong>Regreso a clases el 1 de marzo<\/strong><\/p>\n<p>Menudo desaf\u00edo: <strong>volver a la presencialidad en plena pandemia<\/strong>. Si bien se estima vacunar a los docentes en febrero, los riesgos siguen siendo altos y los alumnos<a href=\"https:\/\/cdnoticias.com\/index.php\/2021\/01\/22\/vuelta-a-clases-presenciales-todos-tenemos-la-necesidad-de-empezar\/\" target=\"_blank\" rel=\"noopener\"> volver\u00e1n con un sistema de asistencia a clases \u201cmixto\u201d<\/a>: es decir, mitad de semana en la escuela, otra mitad virtual, y un \u201cbalance\u201d del quinto d\u00eda.<\/p>\n<blockquote><p>Ser\u00e1 todo un desaf\u00edo de la nueva normalidad, quiz\u00e1s el m\u00e1s importante de los \u00faltimos tiempos junto con el crecimiento del sistema de salud.<\/p><\/blockquote>\n<figure id=\"attachment_12634\" aria-describedby=\"caption-attachment-12634\" style=\"width: 600px\" class=\"wp-caption aligncenter\"><img data-recalc-dims=\"1\" loading=\"lazy\" decoding=\"async\" class=\"wp-image-12634\" src=\"https:\/\/i0.wp.com\/cdnoticias.com\/wp-content\/uploads\/2021\/01\/vacunacion-covid03.jpg?resize=600%2C334&#038;ssl=1\" alt=\"\" width=\"600\" height=\"334\" srcset=\"https:\/\/i0.wp.com\/cdnoticias.com\/wp-content\/uploads\/2021\/01\/vacunacion-covid03.jpg?resize=300%2C167&amp;ssl=1 300w, https:\/\/i0.wp.com\/cdnoticias.com\/wp-content\/uploads\/2021\/01\/vacunacion-covid03.jpg?resize=768%2C427&amp;ssl=1 768w, https:\/\/i0.wp.com\/cdnoticias.com\/wp-content\/uploads\/2021\/01\/vacunacion-covid03.jpg?w=800&amp;ssl=1 800w\" sizes=\"auto, (max-width: 600px) 100vw, 600px\" \/><figcaption id=\"caption-attachment-12634\" class=\"wp-caption-text\">El s\u00e1bado en Lomas de Zamora fueron vacunados los primeros docentes, desde este lunes comenzar\u00e1 formalmente.<\/figcaption><\/figure>\n<p>P\u00e1rrafo aparte para<strong> la irresponsabilidad opositora<\/strong> que a\u00fan con el inicio de clases confirmado, insiste con que \u201cabran las escuelas\u201d. La oposici\u00f3n m\u00e1s \u201cortodoxa\u201d merece el repudio por quejarse del uso pol\u00edtico de la pandemia&#8230;haciendo un uso pol\u00edtico de la pandemia.<\/p>\n<p>Para muestras sobran botones: <em>primero que la vacuna rusa te hac\u00eda comunista, despu\u00e9s que no era segura, para luego se\u00f1alar que el gobierno vacuna poco y que hicieron malos acuerdos. Y que al final todos se tienen\/quieren vacunar<\/em>. Ay ay ay\u2026<\/p>\n<p>En este escenario ortodoxo -como la ONG de educaci\u00f3n de Mauricio Macri, que parece un chiste- <strong>ojo con los moderados, como Horacio Rodr\u00edguez Larreta<\/strong>. Que de moderado no tiene mucho, pero es un jugador que encontr\u00f3 su puesto en la cancha y juega muy, muy bien. Si se alinea lejos de Macri pero cerca de Vidal y Jorge Macri\u2026 ojo.<\/p>\n<p><strong>Un resumen<\/strong><\/p>\n<p>Estos temas, y muchos m\u00e1s de la actualidad del \u00e1mbito pol\u00edtico local, se publicaron en<strong> la edici\u00f3n de este domingo del newsletter Volver a las Fuentes<\/strong> -\u201c\u00bfQui\u00e9n dijo que en enero no pasa nada?\u201d- que escriben semanalmente Alexis Grierson y Josefina Bargas.<\/p>\n<p>La publicaci\u00f3n es <strong>gratuita<\/strong>, sale todos los domingos a la ma\u00f1ana y la suscripci\u00f3n <a href=\"https:\/\/gmail.us17.list-manage.com\/subscribe?u=cba2a41506a8e26d100c3f0f8&amp;id=63ce583cd9\" target=\"_blank\" rel=\"noopener\">est\u00e1 abierta ac\u00e1<\/a>.<\/p>\n","protected":false},"excerpt":{"rendered":"<p>Con Galli de vacaciones, Mujica ser\u00e1 el jefe comunal desde este lunes. El regreso a clases y la irresponsabilidad opositora.<\/p>\n","protected":false},"author":4,"featured_media":12644,"comment_status":"closed","ping_status":"closed","sticky":false,"template":"","format":"standard","meta":{"_jetpack_memberships_contains_paid_content":false,"footnotes":""},"categories":[4,1],"tags":[],"class_list":["post-12642","post","type-post","status-publish","format-standard","has-post-thumbnail","hentry","category-politica","category-portada"],"jetpack_featured_media_url":"https:\/\/i0.wp.com\/cdnoticias.com\/wp-content\/uploads\/2021\/01\/mujica01.jpg?fit=800%2C445&ssl=1","jetpack_sharing_enabled":true,"_links":{"self":[{"href":"https:\/\/cdnoticias.com\/index.php\/wp-json\/wp\/v2\/posts\/12642","targetHints":{"allow":["GET"]}}],"collection":[{"href":"https:\/\/cdnoticias.com\/index.php\/wp-json\/wp\/v2\/posts"}],"about":[{"href":"https:\/\/cdnoticias.com\/index.php\/wp-json\/wp\/v2\/types\/post"}],"author":[{"embeddable":true,"href":"https:\/\/cdnoticias.com\/index.php\/wp-json\/wp\/v2\/users\/4"}],"replies":[{"embeddable":true,"href":"https:\/\/cdnoticias.com\/index.php\/wp-json\/wp\/v2\/comments?post=12642"}],"version-history":[{"count":0,"href":"https:\/\/cdnoticias.com\/index.php\/wp-json\/wp\/v2\/posts\/12642\/revisions"}],"wp:featuredmedia":[{"embeddable":true,"href":"https:\/\/cdnoticias.com\/index.php\/wp-json\/wp\/v2\/media\/12644"}],"wp:attachment":[{"href":"https:\/\/cdnoticias.com\/index.php\/wp-json\/wp\/v2\/media?parent=12642"}],"wp:term":[{"taxonomy":"category","embeddable":true,"href":"https:\/\/cdnoticias.com\/index.php\/wp-json\/wp\/v2\/categories?post=12642"},{"taxonomy":"post_tag","embeddable":true,"href":"https:\/\/cdnoticias.com\/index.php\/wp-json\/wp\/v2\/tags?post=12642"}],"curies":[{"name":"wp","href":"https:\/\/api.w.org\/{rel}","templated":true}]}}