{"id":126417,"date":"2024-09-26T11:00:18","date_gmt":"2024-09-26T14:00:18","guid":{"rendered":"https:\/\/cdnoticias.com\/?p=126417"},"modified":"2024-09-26T11:00:20","modified_gmt":"2024-09-26T14:00:20","slug":"robo-una-bicicleta-en-barrio-ceco-y-lo-atraparon","status":"publish","type":"post","link":"https:\/\/cdnoticias.com\/index.php\/2024\/09\/26\/robo-una-bicicleta-en-barrio-ceco-y-lo-atraparon\/","title":{"rendered":"Rob\u00f3 una bicicleta en barrio CECO y lo atraparon"},"content":{"rendered":"<p>El rodado fue sustra\u00eddo de una casa y el sospechoso la utilizaba cuando lo aprehendieron en Col\u00f3n y Pringles.<!--more--><\/p>\n<hr \/>\n<p>Un joven fue<strong> aprehendido<\/strong> este martes acusado de haber<strong> robado una bicicleta.<\/strong><\/p>\n<p>El <strong>personal del Comando de Patrullas<\/strong> fue convocado a <strong>Col\u00f3n y Pringles<\/strong> donde procedieron a la <strong>aprehensi\u00f3n de hombre<\/strong> quien instantes antes <strong>hab\u00eda sustra\u00eddo una bicicleta<\/strong>, en la que se movilizaba, de una <strong>vivienda ubicada en el barrio CECO I<\/strong>.<\/p>\n<p><img data-recalc-dims=\"1\" loading=\"lazy\" decoding=\"async\" class=\"size-full wp-image-126418 aligncenter\" src=\"https:\/\/i0.wp.com\/cdnoticias.com\/wp-content\/uploads\/2024\/09\/colon-y-pringles-1.jpeg?resize=800%2C445&#038;ssl=1\" alt=\"\" width=\"800\" height=\"445\" srcset=\"https:\/\/i0.wp.com\/cdnoticias.com\/wp-content\/uploads\/2024\/09\/colon-y-pringles-1.jpeg?w=800&amp;ssl=1 800w, https:\/\/i0.wp.com\/cdnoticias.com\/wp-content\/uploads\/2024\/09\/colon-y-pringles-1.jpeg?resize=300%2C167&amp;ssl=1 300w, https:\/\/i0.wp.com\/cdnoticias.com\/wp-content\/uploads\/2024\/09\/colon-y-pringles-1.jpeg?resize=768%2C427&amp;ssl=1 768w\" sizes=\"auto, (max-width: 800px) 100vw, 800px\" \/><\/p>\n<p>El <strong>acusado, de 23 a\u00f1os<\/strong>, fue trasladado a la Comisar\u00eda Segunda de Olavarr\u00eda. Se inici\u00f3 una causa penal caratulada <strong>\u201churto\u201d<\/strong> con intervenci\u00f3n de la <strong>UFI N\u00ba 7.<\/strong><\/p>\n<p><em>La bicicleta, mountainbike marca Releigh rodado 27,5, fue secuestrada.<\/em><\/p>\n","protected":false},"excerpt":{"rendered":"<p>El rodado fue sustra\u00eddo de una casa y el sospechoso la utilizaba cuando lo aprehendieron en Col\u00f3n y Pringles.<\/p>\n","protected":false},"author":4,"featured_media":126419,"comment_status":"closed","ping_status":"closed","sticky":false,"template":"","format":"standard","meta":{"_jetpack_memberships_contains_paid_content":false,"footnotes":""},"categories":[14,1],"tags":[],"class_list":["post-126417","post","type-post","status-publish","format-standard","has-post-thumbnail","hentry","category-policiales","category-portada"],"jetpack_featured_media_url":"https:\/\/i0.wp.com\/cdnoticias.com\/wp-content\/uploads\/2024\/09\/colon-y-pringles-2.jpeg?fit=800%2C444&ssl=1","jetpack_sharing_enabled":true,"_links":{"self":[{"href":"https:\/\/cdnoticias.com\/index.php\/wp-json\/wp\/v2\/posts\/126417","targetHints":{"allow":["GET"]}}],"collection":[{"href":"https:\/\/cdnoticias.com\/index.php\/wp-json\/wp\/v2\/posts"}],"about":[{"href":"https:\/\/cdnoticias.com\/index.php\/wp-json\/wp\/v2\/types\/post"}],"author":[{"embeddable":true,"href":"https:\/\/cdnoticias.com\/index.php\/wp-json\/wp\/v2\/users\/4"}],"replies":[{"embeddable":true,"href":"https:\/\/cdnoticias.com\/index.php\/wp-json\/wp\/v2\/comments?post=126417"}],"version-history":[{"count":0,"href":"https:\/\/cdnoticias.com\/index.php\/wp-json\/wp\/v2\/posts\/126417\/revisions"}],"wp:featuredmedia":[{"embeddable":true,"href":"https:\/\/cdnoticias.com\/index.php\/wp-json\/wp\/v2\/media\/126419"}],"wp:attachment":[{"href":"https:\/\/cdnoticias.com\/index.php\/wp-json\/wp\/v2\/media?parent=126417"}],"wp:term":[{"taxonomy":"category","embeddable":true,"href":"https:\/\/cdnoticias.com\/index.php\/wp-json\/wp\/v2\/categories?post=126417"},{"taxonomy":"post_tag","embeddable":true,"href":"https:\/\/cdnoticias.com\/index.php\/wp-json\/wp\/v2\/tags?post=126417"}],"curies":[{"name":"wp","href":"https:\/\/api.w.org\/{rel}","templated":true}]}}