{"id":126392,"date":"2024-09-25T21:01:55","date_gmt":"2024-09-26T00:01:55","guid":{"rendered":"https:\/\/cdnoticias.com\/?p=126392"},"modified":"2024-09-26T08:37:21","modified_gmt":"2024-09-26T11:37:21","slug":"el-sindicato-de-municipales-rechazo-la-oferta-del-municipio-y-declaro-el-estado-de-alerta-y-asamblea-permanente","status":"publish","type":"post","link":"https:\/\/cdnoticias.com\/index.php\/2024\/09\/25\/el-sindicato-de-municipales-rechazo-la-oferta-del-municipio-y-declaro-el-estado-de-alerta-y-asamblea-permanente\/","title":{"rendered":"El Sindicato de Municipales rechaz\u00f3 la oferta del Municipio y declar\u00f3 el estado de alerta y asamblea permanente"},"content":{"rendered":"\n<p>Fue tras una asamblea realizada en la sede sindical. \u201cEs una situaci\u00f3n l\u00edmite\u201d dijo Jos\u00e9 Stuppia. Pidi\u00f3 \u201cque el Ejecutivo reflexione y haga propuestas salariales a la altura\u201d y denunci\u00f3 un 64% de atraso salarial.<\/p>\n\n\n\n<hr class=\"wp-block-separator aligncenter has-alpha-channel-opacity\"\/>\n\n\n\n<p>Tras darse a conocer la oferta salarial del Municipio al Sindicato en las negociaciones paritarias de una suba del 12%, <strong>el gremio rechaz\u00f3 dicho ofrecimiento y declar\u00f3 el estado de alerta y asamblea permanente en los lugares de trabajo. \u201cEs una situaci\u00f3n l\u00edmite la que estamos viviendo en la familia municipal\u201d dijo el secretario general Jos\u00e9 Stuppia.<\/strong><\/p>\n\n\n\n<p>Tras se\u00f1alar que \u201c<em>se conversaron muchos las propuestas del Ejecutivo, que siempre fueron parecidas\u201d<\/em> la medida consiste en que<em><strong> \u201clos compa\u00f1eros dispongan de tiempo, se re\u00fanan, dejen las actividades y se dediquen a hablar entre ellos para buscar instancias superadoras o modos de protestas ingeniosas. Tambi\u00e9n que los trabajadores informen a trav\u00e9s de las redes sociales en el estado que se encuentran\u201d.<\/strong><\/em><\/p>\n\n\n\n<figure class=\"wp-block-image size-large\"><img data-recalc-dims=\"1\" loading=\"lazy\" decoding=\"async\" width=\"800\" height=\"445\" src=\"https:\/\/i0.wp.com\/cdnoticias.com\/wp-content\/uploads\/2024\/09\/conferencia-stmo2.jpg?resize=800%2C445&#038;ssl=1\" alt=\"\" class=\"wp-image-126394\" srcset=\"https:\/\/i0.wp.com\/cdnoticias.com\/wp-content\/uploads\/2024\/09\/conferencia-stmo2.jpg?resize=1024%2C569&amp;ssl=1 1024w, https:\/\/i0.wp.com\/cdnoticias.com\/wp-content\/uploads\/2024\/09\/conferencia-stmo2.jpg?resize=300%2C167&amp;ssl=1 300w, https:\/\/i0.wp.com\/cdnoticias.com\/wp-content\/uploads\/2024\/09\/conferencia-stmo2.jpg?resize=768%2C427&amp;ssl=1 768w, https:\/\/i0.wp.com\/cdnoticias.com\/wp-content\/uploads\/2024\/09\/conferencia-stmo2.jpg?resize=800%2C445&amp;ssl=1 800w, https:\/\/i0.wp.com\/cdnoticias.com\/wp-content\/uploads\/2024\/09\/conferencia-stmo2.jpg?w=1072&amp;ssl=1 1072w\" sizes=\"auto, (max-width: 800px) 100vw, 800px\" \/><\/figure>\n\n\n\n<blockquote class=\"wp-block-quote is-layout-flow wp-block-quote-is-layout-flow\">\n<p>\u201cLa verdad que la oferta superadora es menos que la oferta anterior\u201d denunci\u00f3 Stuppia, dado que la anterior oferta era del 4% acumulativo y en este caso es de 12% por tres meses. \u201cEl aumento alcanza para dos docenas de empanadas por mes\u201d dijo.<\/p>\n<\/blockquote>\n\n\n\n<p><em>\u201cEsto afecta al comercio de Olavarr\u00eda porque el salario de los municipales es magro. Es importante que nosotros tengamos buenos salarios porque se cae toda la actividad. Esto no solamente empobrece a la familia de trabajadores municipal si no al resto del comercio de Olavarr\u00eda\u201d <\/em>se\u00f1al\u00f3 el gremialista municipal.<\/p>\n\n\n\n<p>Stuppia pidi\u00f3 que <em>\u201cel Ejecutivo reflexione y haga propuestas salariales a la altura de las circunstancias\u201d. <\/em>Y continu\u00f3 con sus denuncias: \u201c<em>los sueldos est\u00e1n muy, pero muy empobrecidos. Necesitamos un shock econ\u00f3mico\u201d<\/em> e<strong> insisti\u00f3 con el mecanismo de \u201cparticipaci\u00f3n\u201d de los trabajadores en el Presupuesto<\/strong>: \u201c<em>nos sacaron 7 puntos que son m\u00e1s de 2 mil millones de pesos, eso es lo que le est\u00e1 faltando a los trabajadores. El Municipio eligi\u00f3 ponerlo en otros lugares\u201d.<\/em><\/p>\n\n\n\n<p>Habl\u00f3 de un 64% de atraso salarial.<strong> \u201cLa inflaci\u00f3n es mucho m\u00e1s de lo que dice el Indec\u201d acus\u00f3 al organismo. \u201cFue terrible el tema de la energ\u00eda, luz, gas, combustible y alimentos\u201d.<\/strong><\/p>\n\n\n\n<p><em>\u201cQueremos que tengan un plan de pago de los que nos deben de la deuda. Queremos que nos paguen lo que nos deben de la gesti\u00f3n anterior y de esta. El Ejecutivo reconoce la deuda, pero dice que no tiene fondos para pagarla ni para aumentarnos, ellos reconocen el aumento que es muy bajo<\/em>\u201d indic\u00f3 el secretario general del STMO.<\/p>\n\n\n\n<p>Con respecto al estado de alerta y asamblea permanente, dijo que <em><strong>\u201ca medida que vaya pasando el tiempo veremos qu\u00e9 medidas tomamos. Habr\u00e1 sectores que tendr\u00e1n m\u00e1s impactos que otros. Se termin\u00f3 la conciliaci\u00f3n obligatoria\u201d.<\/strong><\/em><\/p>\n\n\n\n<p>Hizo menci\u00f3n a lo que se\u00f1al\u00f3 el intendente Wesner en una carta emitida a los trabajadores sobre el posible cierre de a\u00f1o con d\u00e9ficit y expres\u00f3 que<em> \u201cproponemos anticiparnos a ello para proponer otra cosa para tener mayor recaudaci\u00f3n, pero ellos no est\u00e1n abiertos para una propuesta de nosotros\u201d.<\/em><\/p>\n\n\n\n<p>Y profundiz\u00f3: <em>\u201choy es 4% o 12% pero en el futuro va a ser nada. Es una carrera de resistencia, no de velocidad. Ellos nos subieron al ring y estamos dispuestos a dar pelea por la dignidad de los trabajadores municipales. Pedimos un salario digno, nada m\u00e1s. No somos pretenciosos\u201d.<\/em><\/p>\n\n\n\n<figure class=\"wp-block-image size-large\"><img data-recalc-dims=\"1\" loading=\"lazy\" decoding=\"async\" width=\"800\" height=\"445\" src=\"https:\/\/i0.wp.com\/cdnoticias.com\/wp-content\/uploads\/2024\/09\/conferencia-stmo3.jpg?resize=800%2C445&#038;ssl=1\" alt=\"\" class=\"wp-image-126395\" srcset=\"https:\/\/i0.wp.com\/cdnoticias.com\/wp-content\/uploads\/2024\/09\/conferencia-stmo3.jpg?resize=1024%2C570&amp;ssl=1 1024w, https:\/\/i0.wp.com\/cdnoticias.com\/wp-content\/uploads\/2024\/09\/conferencia-stmo3.jpg?resize=300%2C167&amp;ssl=1 300w, https:\/\/i0.wp.com\/cdnoticias.com\/wp-content\/uploads\/2024\/09\/conferencia-stmo3.jpg?resize=768%2C428&amp;ssl=1 768w, https:\/\/i0.wp.com\/cdnoticias.com\/wp-content\/uploads\/2024\/09\/conferencia-stmo3.jpg?resize=800%2C445&amp;ssl=1 800w, https:\/\/i0.wp.com\/cdnoticias.com\/wp-content\/uploads\/2024\/09\/conferencia-stmo3.jpg?w=1072&amp;ssl=1 1072w\" sizes=\"auto, (max-width: 800px) 100vw, 800px\" \/><\/figure>\n\n\n\n<p><strong>Dijo que no esperan una contraoferta, y presagi\u00f3 que <em>\u201cseguramente que dar\u00e1n un aumento por decreto\u201d<\/em> dado los antecedentes durante este 2024.<\/strong><\/p>\n\n\n\n<p>El <strong>secretario de Finanzas del gremio, Marcelo D\u00edaz, <\/strong>dijo que tienen el acompa\u00f1amiento de los trabajadores ya que<em> \u201cla gente no aguanta m\u00e1s. No sirve para nada el 4% o el 12%, tenemos compa\u00f1eros que no pueden alquilar y se fueron a lo de los padres con hijos. Para nuestros jubilados el 4% es nada\u201d. \u201cLa soluci\u00f3n siempre la tienen los Ejecutivos\u201d <\/em>cerr\u00f3 Stuppia.<\/p>\n","protected":false},"excerpt":{"rendered":"<p>Fue tras una asamblea realizada en la sede sindical. \u201cEs una situaci\u00f3n l\u00edmite\u201d dijo Jos\u00e9 Stuppia. Pidi\u00f3 \u201cque el Ejecutivo<\/p>\n","protected":false},"author":2,"featured_media":126393,"comment_status":"closed","ping_status":"closed","sticky":false,"template":"","format":"standard","meta":{"_jetpack_memberships_contains_paid_content":false,"footnotes":""},"categories":[4,1],"tags":[],"class_list":["post-126392","post","type-post","status-publish","format-standard","has-post-thumbnail","hentry","category-politica","category-portada"],"jetpack_featured_media_url":"https:\/\/i0.wp.com\/cdnoticias.com\/wp-content\/uploads\/2024\/09\/conferencia-stmo1.jpg?fit=1072%2C596&ssl=1","jetpack_sharing_enabled":true,"_links":{"self":[{"href":"https:\/\/cdnoticias.com\/index.php\/wp-json\/wp\/v2\/posts\/126392","targetHints":{"allow":["GET"]}}],"collection":[{"href":"https:\/\/cdnoticias.com\/index.php\/wp-json\/wp\/v2\/posts"}],"about":[{"href":"https:\/\/cdnoticias.com\/index.php\/wp-json\/wp\/v2\/types\/post"}],"author":[{"embeddable":true,"href":"https:\/\/cdnoticias.com\/index.php\/wp-json\/wp\/v2\/users\/2"}],"replies":[{"embeddable":true,"href":"https:\/\/cdnoticias.com\/index.php\/wp-json\/wp\/v2\/comments?post=126392"}],"version-history":[{"count":0,"href":"https:\/\/cdnoticias.com\/index.php\/wp-json\/wp\/v2\/posts\/126392\/revisions"}],"wp:featuredmedia":[{"embeddable":true,"href":"https:\/\/cdnoticias.com\/index.php\/wp-json\/wp\/v2\/media\/126393"}],"wp:attachment":[{"href":"https:\/\/cdnoticias.com\/index.php\/wp-json\/wp\/v2\/media?parent=126392"}],"wp:term":[{"taxonomy":"category","embeddable":true,"href":"https:\/\/cdnoticias.com\/index.php\/wp-json\/wp\/v2\/categories?post=126392"},{"taxonomy":"post_tag","embeddable":true,"href":"https:\/\/cdnoticias.com\/index.php\/wp-json\/wp\/v2\/tags?post=126392"}],"curies":[{"name":"wp","href":"https:\/\/api.w.org\/{rel}","templated":true}]}}