{"id":126383,"date":"2024-09-25T18:09:59","date_gmt":"2024-09-25T21:09:59","guid":{"rendered":"https:\/\/cdnoticias.com\/?p=126383"},"modified":"2024-09-25T19:10:56","modified_gmt":"2024-09-25T22:10:56","slug":"martin-endere-se-incorpora-formalmente-al-consejo-de-la-magistratura","status":"publish","type":"post","link":"https:\/\/cdnoticias.com\/index.php\/2024\/09\/25\/martin-endere-se-incorpora-formalmente-al-consejo-de-la-magistratura\/","title":{"rendered":"Mart\u00edn Endere se incorpora formalmente al Consejo de la Magistratura"},"content":{"rendered":"\n<p>Fue tras la sesi\u00f3n en la C\u00e1mara de Diputados de este mi\u00e9rcoles. \u201cEs un enorme desaf\u00edo y una gran responsabilidad\u201d dijo.<\/p>\n\n\n\n<hr class=\"wp-block-separator aligncenter has-alpha-channel-opacity\"\/>\n\n\n\n<p>En la sesi\u00f3n que se llev\u00f3 a cabo este mi\u00e9rcoles en la C\u00e1mara de Diputados bonaerense,<strong> se aprob\u00f3 la incorporaci\u00f3n del diputado provincial del PRO Mart\u00edn Endere al Consejo de la Magistratura de la Provincia.<\/strong><\/p>\n\n\n\n<p>Cabe aclarar que la funci\u00f3n del<strong> Consejo es seleccionar a los postulantes a jueces e integrantes del Ministerio P\u00fablico mediante procedimientos que garanticen adecuada publicidad y criterios objetivos de evaluaci\u00f3n que privilegien la solvencia moral, la idoneidad y el respeto por las instituciones democr\u00e1ticas y los derechos humanos.<\/strong><\/p>\n\n\n\n<p>A fin de llevar adelante tal cometido, <strong>el Consejo est\u00e1 compuesto por representantes de los poderes Ejecutivo y Legislativo, de los jueces e integrantes del Ministerio P\u00fablico de las distintas instancias <\/strong>y de la instituci\u00f3n que regula la matr\u00edcula de los abogados en la Provincia.<\/p>\n\n\n\n<p><em><strong>\u201cLa incorporaci\u00f3n al Consejo de la Magistratura es un enorme desaf\u00edo y una gran responsabilidad. Sabemos que hay mucho por hacer y vamos a trabajar para hacer nuestro aporte\u201d<\/strong><\/em>, explic\u00f3 Endere.<\/p>\n\n\n\n<p><em>\u201cDurante todo este tiempo, desde el bloque PRO, estuvimos en contacto con los actores que conforman el sistema judicial de la Provincia y escuchamos sus necesidades e inquietudes\u201d,<\/em> agreg\u00f3 el legislador.<\/p>\n\n\n\n<p>Finalmente, el propio Mart\u00edn Endere agradeci\u00f3 <em>\u201cla confianza de mis compa\u00f1eros del bloque PRO en la Legislatura y en particular de su presidente, Agust\u00edn Forchieri\u201d.<\/em><\/p>\n","protected":false},"excerpt":{"rendered":"<p>Fue tras la sesi\u00f3n en la C\u00e1mara de Diputados de este mi\u00e9rcoles. \u201cEs un enorme desaf\u00edo y una gran responsabilidad\u201d<\/p>\n","protected":false},"author":2,"featured_media":104122,"comment_status":"closed","ping_status":"closed","sticky":false,"template":"","format":"standard","meta":{"_jetpack_memberships_contains_paid_content":false,"footnotes":""},"categories":[4,1],"tags":[],"class_list":["post-126383","post","type-post","status-publish","format-standard","has-post-thumbnail","hentry","category-politica","category-portada"],"jetpack_featured_media_url":"https:\/\/i0.wp.com\/cdnoticias.com\/wp-content\/uploads\/2023\/12\/endere-martin.jpg?fit=800%2C450&ssl=1","jetpack_sharing_enabled":true,"_links":{"self":[{"href":"https:\/\/cdnoticias.com\/index.php\/wp-json\/wp\/v2\/posts\/126383","targetHints":{"allow":["GET"]}}],"collection":[{"href":"https:\/\/cdnoticias.com\/index.php\/wp-json\/wp\/v2\/posts"}],"about":[{"href":"https:\/\/cdnoticias.com\/index.php\/wp-json\/wp\/v2\/types\/post"}],"author":[{"embeddable":true,"href":"https:\/\/cdnoticias.com\/index.php\/wp-json\/wp\/v2\/users\/2"}],"replies":[{"embeddable":true,"href":"https:\/\/cdnoticias.com\/index.php\/wp-json\/wp\/v2\/comments?post=126383"}],"version-history":[{"count":0,"href":"https:\/\/cdnoticias.com\/index.php\/wp-json\/wp\/v2\/posts\/126383\/revisions"}],"wp:featuredmedia":[{"embeddable":true,"href":"https:\/\/cdnoticias.com\/index.php\/wp-json\/wp\/v2\/media\/104122"}],"wp:attachment":[{"href":"https:\/\/cdnoticias.com\/index.php\/wp-json\/wp\/v2\/media?parent=126383"}],"wp:term":[{"taxonomy":"category","embeddable":true,"href":"https:\/\/cdnoticias.com\/index.php\/wp-json\/wp\/v2\/categories?post=126383"},{"taxonomy":"post_tag","embeddable":true,"href":"https:\/\/cdnoticias.com\/index.php\/wp-json\/wp\/v2\/tags?post=126383"}],"curies":[{"name":"wp","href":"https:\/\/api.w.org\/{rel}","templated":true}]}}