{"id":126353,"date":"2024-09-25T10:16:59","date_gmt":"2024-09-25T13:16:59","guid":{"rendered":"https:\/\/cdnoticias.com\/?p=126353"},"modified":"2024-09-25T10:17:01","modified_gmt":"2024-09-25T13:17:01","slug":"ramiro-borzi-es-imposible-que-se-provincialice-el-hospital-pintos","status":"publish","type":"post","link":"https:\/\/cdnoticias.com\/index.php\/2024\/09\/25\/ramiro-borzi-es-imposible-que-se-provincialice-el-hospital-pintos\/","title":{"rendered":"Ramiro Borzi: &#8220;Es imposible que se provincialice el Hospital Pintos&#8221;"},"content":{"rendered":"\n<p>As\u00ed lo indic\u00f3 el responsable de Regi\u00f3n Sanitaria IX. Descart\u00f3 que el Hospital de Azul pueda ser traspasado a la \u00f3rbita del Ministerio de Salud bonaerense.<\/p>\n\n\n\n<hr class=\"wp-block-separator has-alpha-channel-opacity\"\/>\n\n\n\n<p>El actual <strong>director de Regi\u00f3n Sanitaria IX, Ramiro Borzi,<\/strong> se refiri\u00f3 en di\u00e1logo con <em>diario El Tiempo <\/em>al funcionamiento de los hospitales municipales que tiene el Partido de Azul y <strong>desestim\u00f3 <\/strong>que ante la crisis que est\u00e1n atravesando algunos de esos nosocomios desde el Ministerio de Salud de la provincia de Buenos Aires se est\u00e9 analizando<strong> la posibilidad de &#8220;provincializar&#8221; el Hospital Municipal &#8220;Dr. \u00c1ngel Pintos&#8221;.<\/strong><\/p>\n\n\n\n<p><\/p>\n\n\n\n<p>Desde el primer momento en que se comenz\u00f3 a debatir en el \u00e1mbito del Concejo de Deliberante de Azul el expediente elevado por el intendente Nelson Sombra <strong>solicitando la adhesi\u00f3n de la Comuna al Sistema de Atenci\u00f3n M\u00e9dica Organizada (SAMO) <\/strong>empezaron a surgir distintas versiones y elucubraciones acerca de una supuesta intenci\u00f3n de la actual gesti\u00f3n municipal de avanzar con la &#8220;provincializaci\u00f3n&#8221; del Hospital Pintos.<\/p>\n\n\n\n<p><\/p>\n\n\n\n<p>En este punto vale recordar que<strong> la adhesi\u00f3n al SAMO fue resistida por los profesionales de la salud y por toda la comunidad hospitalaria y el mencionado proyecto de ordenanza sigue siendo analizado en distintas comisiones del legislativo local. <\/strong>Pero el &#8220;fantasma&#8221; de la posible provincializaci\u00f3n del principal centro asistencial con el que cuenta esta ciudad volvi\u00f3 a aparecer luego del decreto que firm\u00f3 el Jefe Comunal que en el marco de una <a href=\"https:\/\/cdnoticias.com\/index.php\/2024\/09\/05\/crisis-en-la-municipalidad-de-azul-los-municipales-con-medidas-de-fuerza\/\" data-type=\"post\" data-id=\"124690\" target=\"_blank\" rel=\"noreferrer noopener\">emergencia financiera, econ\u00f3mica y administrativa<\/a> y por el plazo de 180 d\u00edas dispuso recortes en los salarios de los empleados municipales, incluyendo a los trabajadores y profesionales del \u00e1rea de salud.<\/p>\n\n\n\n<p><\/p>\n\n\n\n<p>Sin ir m\u00e1s lejos el mismo d\u00eda que en rueda de prensa hizo p\u00fablica su renuncia a la direcci\u00f3n del Hospital Pintos el Dr. Diego Azcona no afirm\u00f3, pero tampoco descart\u00f3 ante la consulta de los medios que el trasfondo de las pol\u00edticas sanitarias aplicadas est\u00e9 encaminado a concretar el traspaso del centro asistencial de salud que hoy es municipal a la \u00f3rbita de la provincia de Buenos Aires.<\/p>\n\n\n\n<p><\/p>\n\n\n\n<p>Consultado al respecto el licenciado Borzi fue claro y tajante y asever\u00f3: &#8220;<strong>hay que descartarlo de forma absoluta porque es imposible que se provincialice el Hospital Pintos.<\/strong> Y esto no solamente lo digo yo, sino que ya se lo dijo el intendente a la Asociaci\u00f3n de Profesionales de la Salud en una reuni\u00f3n que tuvieron por el SAMO y tambi\u00e9n lo ha manifestado de igual manera el secretario de Salud quien ha confirmado que no existe ning\u00fan tipo de posibilidad en ese sentido. <strong>Nunca se habl\u00f3 ni se contempl\u00f3 esa posibilidad y en eso el intendente Sombra ha sido muy claro<\/strong>&#8220;.<\/p>\n\n\n\n<p><\/p>\n\n\n\n<blockquote class=\"wp-block-quote is-layout-flow wp-block-quote-is-layout-flow\">\n<p>Por otro lado, la autoridad sanitaria consider\u00f3 que ser\u00eda muy positivo que Azul decida adherirse al Sistema de Atenci\u00f3n M\u00e9dica Organizada (SAMO) y se\u00f1al\u00f3: &#8220;creo que es un sistema que optimiza mucho la cobrabilidad de las obras sociales y por eso mismo es utilizado en muchos municipios de la provincia. Y para nada abre la puerta a otra cosa y por eso creo que hay que seguir charlando y avanzar con la adhesi\u00f3n&#8221;.<\/p>\n<\/blockquote>\n\n\n\n<p><\/p>\n\n\n\n<p>&#8220;Hay que tomar dimensi\u00f3n de qu\u00e9 se trata, pero no hay que aventurar ning\u00fan tipo de fantas\u00eda negativa ni despertar ning\u00fan fantasma ante esto, ni ninguna fantas\u00eda negativa tampoco si vienen desde la direcci\u00f3n provincial de hospitales como pas\u00f3 la semana pasada. Porque se trata de gente con mucha experiencia en la gesti\u00f3n hospitalaria que viene para ayudar a optimizar la utilizaci\u00f3n de recursos en los diferentes servicios&#8221; agreg\u00f3.<\/p>\n\n\n\n<p><\/p>\n\n\n\n<p>En este punto Borzi recalc\u00f3 que la cr\u00edtica situaci\u00f3n en materia de salud que vive el Partido de Azul tiene su origen en: &#8220;una crisis financiera muy fuerte que viene de arrastre y que se agudiz\u00f3 con la devaluaci\u00f3n de diciembre. Ante este escenario que obviamente repercute en todas las \u00e1reas del municipio de Azul lo que hace falta es mucho di\u00e1logo para superar este momento&#8221;.<\/p>\n\n\n\n<p><\/p>\n\n\n\n<p><em>Fuente: Diario El Tiempo de Azul.<\/em><\/p>\n","protected":false},"excerpt":{"rendered":"<p>As\u00ed lo indic\u00f3 el responsable de Regi\u00f3n Sanitaria IX. Descart\u00f3 que el Hospital de Azul pueda ser traspasado a la<\/p>\n","protected":false},"author":2,"featured_media":36925,"comment_status":"closed","ping_status":"closed","sticky":false,"template":"","format":"standard","meta":{"_jetpack_memberships_contains_paid_content":false,"footnotes":""},"categories":[6,1],"tags":[],"class_list":["post-126353","post","type-post","status-publish","format-standard","has-post-thumbnail","hentry","category-nacionales","category-portada"],"jetpack_featured_media_url":"https:\/\/i0.wp.com\/cdnoticias.com\/wp-content\/uploads\/2021\/10\/vacunacion-itinerante-borzi-00.jpg?fit=800%2C445&ssl=1","jetpack_sharing_enabled":true,"_links":{"self":[{"href":"https:\/\/cdnoticias.com\/index.php\/wp-json\/wp\/v2\/posts\/126353","targetHints":{"allow":["GET"]}}],"collection":[{"href":"https:\/\/cdnoticias.com\/index.php\/wp-json\/wp\/v2\/posts"}],"about":[{"href":"https:\/\/cdnoticias.com\/index.php\/wp-json\/wp\/v2\/types\/post"}],"author":[{"embeddable":true,"href":"https:\/\/cdnoticias.com\/index.php\/wp-json\/wp\/v2\/users\/2"}],"replies":[{"embeddable":true,"href":"https:\/\/cdnoticias.com\/index.php\/wp-json\/wp\/v2\/comments?post=126353"}],"version-history":[{"count":0,"href":"https:\/\/cdnoticias.com\/index.php\/wp-json\/wp\/v2\/posts\/126353\/revisions"}],"wp:featuredmedia":[{"embeddable":true,"href":"https:\/\/cdnoticias.com\/index.php\/wp-json\/wp\/v2\/media\/36925"}],"wp:attachment":[{"href":"https:\/\/cdnoticias.com\/index.php\/wp-json\/wp\/v2\/media?parent=126353"}],"wp:term":[{"taxonomy":"category","embeddable":true,"href":"https:\/\/cdnoticias.com\/index.php\/wp-json\/wp\/v2\/categories?post=126353"},{"taxonomy":"post_tag","embeddable":true,"href":"https:\/\/cdnoticias.com\/index.php\/wp-json\/wp\/v2\/tags?post=126353"}],"curies":[{"name":"wp","href":"https:\/\/api.w.org\/{rel}","templated":true}]}}