{"id":126336,"date":"2024-09-24T20:04:42","date_gmt":"2024-09-24T23:04:42","guid":{"rendered":"https:\/\/cdnoticias.com\/?p=126336"},"modified":"2024-09-25T09:11:36","modified_gmt":"2024-09-25T12:11:36","slug":"dos-heridos-de-consideracion-tras-un-choque-entre-una-bicicleta-y-una-moto","status":"publish","type":"post","link":"https:\/\/cdnoticias.com\/index.php\/2024\/09\/24\/dos-heridos-de-consideracion-tras-un-choque-entre-una-bicicleta-y-una-moto\/","title":{"rendered":"Dos heridos de consideraci\u00f3n tras un choque entre una bicicleta y una moto"},"content":{"rendered":"\n<p>Fue este martes en Pringles y Rufino Fal. Un hombre de 36 a\u00f1os y un hombre de 23 resultaron con fuertes golpes en sus cabezas y fueron internados en el Hospital Municipal.<\/p>\n\n\n\n<hr class=\"wp-block-separator aligncenter has-alpha-channel-opacity\"\/>\n\n\n\n<p>En la tarde de este mi\u00e9rcoles<strong>, dos hombres resultaron con heridas de consideraci\u00f3n tras un violento siniestro vial en Pringles y Rufino Fal.<\/strong><\/p>\n\n\n\n<p><strong>Se trata de un ciclista y un motociclista, que impactaron en el cruce de la avenida y la calle por causas que se intenta esclarecer.<\/strong> Un joven de 23 a\u00f1os conduc\u00eda una Zanella 200cc mientras que el hombre de 36 iba a bordo de una bicicleta rodado 26.<\/p>\n\n\n\n<blockquote class=\"wp-block-quote is-layout-flow wp-block-quote-is-layout-flow\">\n<p>Por la violencia del impacto, dos ambulancias debieron actuar en el lugar: una del sistema de salud local que traslad\u00f3 al ciclista al Hospital Municipal, donde se estableci\u00f3 que sufri\u00f3 una fisura de cr\u00e1neo sin riesgo de vida, mientras que una ambulancia de EMO traslad\u00f3 al joven motociclista tambi\u00e9n al centro de salud, donde debi\u00f3 ser intubado por un fuerte golpe en la cabeza. Cabe se\u00f1alar que tambi\u00e9n est\u00e1 fuera de peligro<strong>.<\/strong><\/p>\n<\/blockquote>\n\n\n\n<p>El personal policial que actu\u00f3 en el lugar preserv\u00f3 la escena para tareas de peritaje y secuestr\u00f3 los veh\u00edculos.<\/p>\n\n\n\n<p>En paralelo, se arm\u00f3 una causa por <strong>Lesiones Culposas<\/strong> con intervenci\u00f3n del doctor Christian Url\u00e9zaga, de la UFI N\u00b07.<\/p>\n","protected":false},"excerpt":{"rendered":"<p>Fue este martes en Pringles y Rufino Fal. Un hombre de 36 a\u00f1os y un hombre de 23 resultaron con<\/p>\n","protected":false},"author":2,"featured_media":126337,"comment_status":"closed","ping_status":"closed","sticky":false,"template":"","format":"standard","meta":{"_jetpack_memberships_contains_paid_content":false,"footnotes":""},"categories":[14,1],"tags":[],"class_list":["post-126336","post","type-post","status-publish","format-standard","has-post-thumbnail","hentry","category-policiales","category-portada"],"jetpack_featured_media_url":"https:\/\/i0.wp.com\/cdnoticias.com\/wp-content\/uploads\/2024\/09\/WhatsApp-Image-2024-09-24-at-19.16.20.jpeg?fit=1135%2C627&ssl=1","jetpack_sharing_enabled":true,"_links":{"self":[{"href":"https:\/\/cdnoticias.com\/index.php\/wp-json\/wp\/v2\/posts\/126336","targetHints":{"allow":["GET"]}}],"collection":[{"href":"https:\/\/cdnoticias.com\/index.php\/wp-json\/wp\/v2\/posts"}],"about":[{"href":"https:\/\/cdnoticias.com\/index.php\/wp-json\/wp\/v2\/types\/post"}],"author":[{"embeddable":true,"href":"https:\/\/cdnoticias.com\/index.php\/wp-json\/wp\/v2\/users\/2"}],"replies":[{"embeddable":true,"href":"https:\/\/cdnoticias.com\/index.php\/wp-json\/wp\/v2\/comments?post=126336"}],"version-history":[{"count":0,"href":"https:\/\/cdnoticias.com\/index.php\/wp-json\/wp\/v2\/posts\/126336\/revisions"}],"wp:featuredmedia":[{"embeddable":true,"href":"https:\/\/cdnoticias.com\/index.php\/wp-json\/wp\/v2\/media\/126337"}],"wp:attachment":[{"href":"https:\/\/cdnoticias.com\/index.php\/wp-json\/wp\/v2\/media?parent=126336"}],"wp:term":[{"taxonomy":"category","embeddable":true,"href":"https:\/\/cdnoticias.com\/index.php\/wp-json\/wp\/v2\/categories?post=126336"},{"taxonomy":"post_tag","embeddable":true,"href":"https:\/\/cdnoticias.com\/index.php\/wp-json\/wp\/v2\/tags?post=126336"}],"curies":[{"name":"wp","href":"https:\/\/api.w.org\/{rel}","templated":true}]}}