{"id":126333,"date":"2024-09-24T19:36:22","date_gmt":"2024-09-24T22:36:22","guid":{"rendered":"https:\/\/cdnoticias.com\/?p=126333"},"modified":"2024-09-25T08:34:53","modified_gmt":"2024-09-25T11:34:53","slug":"libertad-olavarria-no-se-participo-de-la-reunion-por-la-oposicion-porque-no-fuimos-invitados","status":"publish","type":"post","link":"https:\/\/cdnoticias.com\/index.php\/2024\/09\/24\/libertad-olavarria-no-se-participo-de-la-reunion-por-la-oposicion-porque-no-fuimos-invitados\/","title":{"rendered":"Libertad Olavarr\u00eda: \u201cNo se particip\u00f3 de la reuni\u00f3n por la oposici\u00f3n porque no fuimos invitados\u201d"},"content":{"rendered":"\n<p>El bloque encabezado por Marcelo Petehs pidi\u00f3 \u201campliar el plazo de estudio\u201d para la sesi\u00f3n extraordinaria de la venta de una calle a Loma Negra pero denunci\u00f3 que \u201cs\u00f3lo se me invit\u00f3 a firmar el comunicado de quienes estuvieron\u201d.<\/p>\n\n\n\n<hr class=\"wp-block-separator aligncenter has-alpha-channel-opacity\"\/>\n\n\n\n<p>Luego de conocerse acusaciones y defensas de la oposici\u00f3n y el oficialismo en el HCD por las fechas de tratamiento de la venta de una calle a la empresa Loma Negra,<strong> el bloque Libertad Olavarr\u00eda emiti\u00f3 un comunicado en el que pidi\u00f3<em> \u201campliar el plazo de estudio y tratamiento\u201d<\/em> del expediente, pero denunci\u00f3 no haber sido invitado a la reuni\u00f3n opositora, y s\u00ed a firmar el documento emitido en el mediod\u00eda del martes.<\/strong><\/p>\n\n\n\n<p>En el comunicado emitido en la tarde del martes, dijo que <em><strong>\u201cse solicit\u00f3 ampliar el plazo de estudio y tratamiento del expediente relacionado a la venta de una calle a Loma Negra CIASA\u201d.<\/strong><\/em><\/p>\n\n\n\n<blockquote class=\"wp-block-quote is-layout-flow wp-block-quote-is-layout-flow\">\n<p>\u201cLa Sesi\u00f3n Especial a la que se hab\u00eda convocado para el pr\u00f3ximo jueves 26 hac\u00eda imposible cumplir con los plazos responsables para hacer un estudio pormenorizado al mismo\u201d agreg\u00f3. Cabe se\u00f1alar que el HCD nunca confirm\u00f3 la fecha del jueves 26 de septiembre al menos oficialmente.<\/p>\n<\/blockquote>\n\n\n\n<p>Petehs y el bloque destacaron <em>\u201cla importancia del trabajo del cuerpo legislativo en estos asuntos, por ello se est\u00e1 trabajando no s\u00f3lo en el estudio minucioso del expediente sino en la afectaci\u00f3n de los fondos que el Municipio obtenga producto de esta venta, realizando un listado de obras p\u00fablicas posibles para acercar en comisiones, respetando los porcentajes determinados por el Ejecutivo en dicho proyecto\u201d<\/em>. Dicho listado<em><strong> \u201csaldr\u00e1 del consenso de todos los bloques integrantes del HCD. Luego vendr\u00e1 la tarea de control y seguimiento de dicha afectaci\u00f3n para no incurrir en viejas experiencias\u201d.<\/strong><\/em><\/p>\n\n\n\n<p>Este martes, \u201c<em><strong>se toma conocimiento de una nueva fecha para la sesi\u00f3n Especial, por lo que se desprende que el Ejecutivo acus\u00f3 recibo de la sugerencia planteada a los ediles oficialistas en la reuni\u00f3n de comisi\u00f3n de Infraestructura del d\u00eda de ayer\u201d.<\/strong><\/em><\/p>\n\n\n\n<figure class=\"wp-block-embed is-type-wp-embed is-provider-central-de-noticias-olavarr-a wp-block-embed-central-de-noticias-olavarr-a\"><div class=\"wp-block-embed__wrapper\">\n<blockquote class=\"wp-embedded-content\" data-secret=\"0f6VNajfGZ\"><a href=\"https:\/\/cdnoticias.com\/index.php\/2024\/09\/24\/el-presidente-del-hcd-fijo-fecha-para-votar-la-venta-de-una-calle-a-loma-negra\/\">El presidente del HCD fij\u00f3 fecha para votar la venta de una calle a Loma Negra<\/a><\/blockquote><iframe loading=\"lazy\" class=\"wp-embedded-content\" sandbox=\"allow-scripts\" security=\"restricted\" style=\"position: absolute; visibility: hidden;\" title=\"&#8220;El presidente del HCD fij\u00f3 fecha para votar la venta de una calle a Loma Negra&#8221; &#8212; Central de Noticias | Olavarr\u00eda\" src=\"https:\/\/cdnoticias.com\/index.php\/2024\/09\/24\/el-presidente-del-hcd-fijo-fecha-para-votar-la-venta-de-una-calle-a-loma-negra\/embed\/#?secret=qdRpWVjSB6#?secret=0f6VNajfGZ\" data-secret=\"0f6VNajfGZ\" width=\"600\" height=\"338\" frameborder=\"0\" marginwidth=\"0\" marginheight=\"0\" scrolling=\"no\"><\/iframe>\n<\/div><\/figure>\n\n\n\n<p>Sin embargo, Petehs denunci\u00f3 que<em><strong> \u201cno se particip\u00f3 de la reuni\u00f3n convocada por todos los bloques opositores por la simple raz\u00f3n que quien suscribe no fue invitado, y s\u00f3lo se me invit\u00f3 a firmar el comunicado conjunto de quienes s\u00ed estuvieron, al que no acced\u00ed porque ya contiene impl\u00edcitamente una afectaci\u00f3n de fondos aun no discutida\u201d. <\/strong><\/em>Uno de los puntos que pidi\u00f3 la oposici\u00f3n (menos Libertad Olavarr\u00eda) es afectar los fondos a la actualizaci\u00f3n del resonador.<\/p>\n\n\n\n<figure class=\"wp-block-embed is-type-wp-embed is-provider-central-de-noticias-olavarr-a wp-block-embed-central-de-noticias-olavarr-a\"><div class=\"wp-block-embed__wrapper\">\n<blockquote class=\"wp-embedded-content\" data-secret=\"IaS2hX9LEe\"><a href=\"https:\/\/cdnoticias.com\/index.php\/2024\/09\/24\/venta-de-una-calle-a-loma-negra-rechazo-opositor-y-cambio-de-fecha-en-la-sesion\/\">Venta de una calle a Loma Negra: rechazo opositor y cambio de fecha en la sesi\u00f3n<\/a><\/blockquote><iframe loading=\"lazy\" class=\"wp-embedded-content\" sandbox=\"allow-scripts\" security=\"restricted\" style=\"position: absolute; visibility: hidden;\" title=\"&#8220;Venta de una calle a Loma Negra: rechazo opositor y cambio de fecha en la sesi\u00f3n&#8221; &#8212; Central de Noticias | Olavarr\u00eda\" src=\"https:\/\/cdnoticias.com\/index.php\/2024\/09\/24\/venta-de-una-calle-a-loma-negra-rechazo-opositor-y-cambio-de-fecha-en-la-sesion\/embed\/#?secret=3z6qlzi3Fx#?secret=IaS2hX9LEe\" data-secret=\"IaS2hX9LEe\" width=\"600\" height=\"338\" frameborder=\"0\" marginwidth=\"0\" marginheight=\"0\" scrolling=\"no\"><\/iframe>\n<\/div><\/figure>\n\n\n\n<p>Insisti\u00f3 en \u201crespetar los tiempos propios del poder legislativo, considerando que en siete d\u00edas no se puede dar un tratamiento apropiado a un expediente de semejante importancia\u201d. Del mismo modo, el propio Petehs se comprometi\u00f3 \u201cpara trabajar de cara a los vecinos y realizar una labor responsable cuidando los intereses de nuestra comuna\u201d.<\/p>\n","protected":false},"excerpt":{"rendered":"<p>El bloque encabezado por Marcelo Petehs pidi\u00f3 \u201campliar el plazo de estudio\u201d para la sesi\u00f3n extraordinaria de la venta de<\/p>\n","protected":false},"author":2,"featured_media":104074,"comment_status":"closed","ping_status":"closed","sticky":false,"template":"","format":"standard","meta":{"_jetpack_memberships_contains_paid_content":false,"footnotes":""},"categories":[4,1],"tags":[],"class_list":["post-126333","post","type-post","status-publish","format-standard","has-post-thumbnail","hentry","category-politica","category-portada"],"jetpack_featured_media_url":"https:\/\/i0.wp.com\/cdnoticias.com\/wp-content\/uploads\/2023\/12\/jura-hcd-concejales-petehs-03.jpg?fit=800%2C450&ssl=1","jetpack_sharing_enabled":true,"_links":{"self":[{"href":"https:\/\/cdnoticias.com\/index.php\/wp-json\/wp\/v2\/posts\/126333","targetHints":{"allow":["GET"]}}],"collection":[{"href":"https:\/\/cdnoticias.com\/index.php\/wp-json\/wp\/v2\/posts"}],"about":[{"href":"https:\/\/cdnoticias.com\/index.php\/wp-json\/wp\/v2\/types\/post"}],"author":[{"embeddable":true,"href":"https:\/\/cdnoticias.com\/index.php\/wp-json\/wp\/v2\/users\/2"}],"replies":[{"embeddable":true,"href":"https:\/\/cdnoticias.com\/index.php\/wp-json\/wp\/v2\/comments?post=126333"}],"version-history":[{"count":0,"href":"https:\/\/cdnoticias.com\/index.php\/wp-json\/wp\/v2\/posts\/126333\/revisions"}],"wp:featuredmedia":[{"embeddable":true,"href":"https:\/\/cdnoticias.com\/index.php\/wp-json\/wp\/v2\/media\/104074"}],"wp:attachment":[{"href":"https:\/\/cdnoticias.com\/index.php\/wp-json\/wp\/v2\/media?parent=126333"}],"wp:term":[{"taxonomy":"category","embeddable":true,"href":"https:\/\/cdnoticias.com\/index.php\/wp-json\/wp\/v2\/categories?post=126333"},{"taxonomy":"post_tag","embeddable":true,"href":"https:\/\/cdnoticias.com\/index.php\/wp-json\/wp\/v2\/tags?post=126333"}],"curies":[{"name":"wp","href":"https:\/\/api.w.org\/{rel}","templated":true}]}}