{"id":126332,"date":"2024-09-25T19:30:07","date_gmt":"2024-09-25T22:30:07","guid":{"rendered":"https:\/\/cdnoticias.com\/?p=126332"},"modified":"2024-09-25T19:30:09","modified_gmt":"2024-09-25T22:30:09","slug":"la-actividad-metalurgica-registro-una-fuerte-caida-interanual-en-agosto","status":"publish","type":"post","link":"https:\/\/cdnoticias.com\/index.php\/2024\/09\/25\/la-actividad-metalurgica-registro-una-fuerte-caida-interanual-en-agosto\/","title":{"rendered":"La actividad metal\u00fargica registr\u00f3 una fuerte ca\u00edda interanual en agosto"},"content":{"rendered":"\n<p>En la comparativa con igual mes de 2023, el desplome fue de un 10,2%. Hubo reducci\u00f3n del uso de capacidad instalada y disminuci\u00f3n del empleo.<\/p>\n\n\n\n<hr class=\"wp-block-separator aligncenter has-alpha-channel-opacity\"\/>\n\n\n\n<p>La <strong>actividad metal\u00fargica cay\u00f3 durante el mes de agosto un 10,2% interanual<\/strong> (en relaci\u00f3n a igual periodo de 2023), con una reducci\u00f3n significativa del uso de la capacidad instalada y una ca\u00edda del empleo.<\/p>\n\n\n\n<p><\/p>\n\n\n\n<p>Los datos se desprenden de un informe publicado por la <strong>Asociaci\u00f3n de Industriales Metal\u00fargicos de la Rep\u00fablica Argentina <\/strong>(Adimra), en el que se advierte que<strong> la producci\u00f3n se mantuvo estable<\/strong> comparada con julio y acumula una contracci\u00f3n de 15,1% en la comparativa contra los mismos meses del a\u00f1o anterior.<\/p>\n\n\n\n<p><\/p>\n\n\n\n<blockquote class=\"wp-block-quote is-layout-flow wp-block-quote-is-layout-flow\">\n<p>En la divisi\u00f3n por sectores metal\u00fargicos, la ca\u00edda interanual m\u00e1s fuerte se dio en la fundici\u00f3n (-15,5%), seguido por la producci\u00f3n de autopartes (-13,8%) y equipos el\u00e9ctricos (-13,1%). En tanto, la \u00fanica producci\u00f3n con n\u00fameros positivos fue la de carrocer\u00edas y remolques (3,2%).<\/p>\n<\/blockquote>\n\n\n\n<p><\/p>\n\n\n\n<p>\u201cLa utilizaci\u00f3n de la capacidad instalada (UCI), por su parte, tambi\u00e9n registr\u00f3 una ca\u00edda con respecto al a\u00f1o anterior, pero desacelero con respecto a meses anteriores. Si lo comparamos contra el mismo mes del a\u00f1o previo, la UCI disminuy\u00f3 -7,8 p.p. Por otro lado, el promedio del 2024 se encuentra -10,5 p.p. por debajo del promedio del 2023\u201d, detalla el informe de Adimra.<\/p>\n\n\n\n<p><\/p>\n\n\n\n<p>Por \u00faltimo, el informe indic\u00f3 que &#8220;en cuanto al nivel de empleo, se observa una disminuci\u00f3n interanual de -2,5%. Si comparamos contra el mes de julio, el empleo se mantuvo pr\u00e1cticamente constante con una variaci\u00f3n de 0,1%\u201d.<\/p>\n\n\n\n<p><\/p>\n\n\n\n<p><em>Fuente: DIB<\/em><\/p>\n","protected":false},"excerpt":{"rendered":"<p>En la comparativa con igual mes de 2023, el desplome fue de un 10,2%. Hubo reducci\u00f3n del uso de capacidad<\/p>\n","protected":false},"author":6,"featured_media":120957,"comment_status":"closed","ping_status":"closed","sticky":false,"template":"","format":"standard","meta":{"_jetpack_memberships_contains_paid_content":false,"footnotes":""},"categories":[6,1],"tags":[],"class_list":["post-126332","post","type-post","status-publish","format-standard","has-post-thumbnail","hentry","category-nacionales","category-portada"],"jetpack_featured_media_url":"https:\/\/i0.wp.com\/cdnoticias.com\/wp-content\/uploads\/2024\/07\/2020-05-04srtmetalurgicos.jpg?fit=800%2C450&ssl=1","jetpack_sharing_enabled":true,"_links":{"self":[{"href":"https:\/\/cdnoticias.com\/index.php\/wp-json\/wp\/v2\/posts\/126332","targetHints":{"allow":["GET"]}}],"collection":[{"href":"https:\/\/cdnoticias.com\/index.php\/wp-json\/wp\/v2\/posts"}],"about":[{"href":"https:\/\/cdnoticias.com\/index.php\/wp-json\/wp\/v2\/types\/post"}],"author":[{"embeddable":true,"href":"https:\/\/cdnoticias.com\/index.php\/wp-json\/wp\/v2\/users\/6"}],"replies":[{"embeddable":true,"href":"https:\/\/cdnoticias.com\/index.php\/wp-json\/wp\/v2\/comments?post=126332"}],"version-history":[{"count":0,"href":"https:\/\/cdnoticias.com\/index.php\/wp-json\/wp\/v2\/posts\/126332\/revisions"}],"wp:featuredmedia":[{"embeddable":true,"href":"https:\/\/cdnoticias.com\/index.php\/wp-json\/wp\/v2\/media\/120957"}],"wp:attachment":[{"href":"https:\/\/cdnoticias.com\/index.php\/wp-json\/wp\/v2\/media?parent=126332"}],"wp:term":[{"taxonomy":"category","embeddable":true,"href":"https:\/\/cdnoticias.com\/index.php\/wp-json\/wp\/v2\/categories?post=126332"},{"taxonomy":"post_tag","embeddable":true,"href":"https:\/\/cdnoticias.com\/index.php\/wp-json\/wp\/v2\/tags?post=126332"}],"curies":[{"name":"wp","href":"https:\/\/api.w.org\/{rel}","templated":true}]}}