{"id":126313,"date":"2024-09-24T18:14:19","date_gmt":"2024-09-24T21:14:19","guid":{"rendered":"https:\/\/cdnoticias.com\/?p=126313"},"modified":"2024-09-24T18:14:21","modified_gmt":"2024-09-24T21:14:21","slug":"prevencion-del-dengue-comenzaron-capacitaciones-de-abordaje-en-territorio","status":"publish","type":"post","link":"https:\/\/cdnoticias.com\/index.php\/2024\/09\/24\/prevencion-del-dengue-comenzaron-capacitaciones-de-abordaje-en-territorio\/","title":{"rendered":"Prevenci\u00f3n del dengue: comenzaron capacitaciones de abordaje en territorio"},"content":{"rendered":"\n<p>Fue en la tarde de este mi\u00e9rcoles en el Sal\u00f3n Rivadavia. Se busca dise\u00f1ar y desplegar estrategias de abordaje preventivo e integral por las diversas \u00e1reas del Municipio.<\/p>\n\n\n\n<hr class=\"wp-block-separator aligncenter has-alpha-channel-opacity\"\/>\n\n\n\n<p>En el inicio de la tarde de este mi\u00e9rcoles <strong>el Sal\u00f3n Rivadavia alberg\u00f3 una importante capacitaci\u00f3n sobre abordaje territorial del Dengue, la cual tuvo como destinatarios equipos de Atenci\u00f3n Primaria y Promotores de Salud. L<\/strong>a actividad se enmarc\u00f3, precisamente, en el <strong>abordaje preventivo e integral desplegado desde distintas \u00e1reas del Municipio.<\/strong><\/p>\n\n\n\n<p>La jornada, que se inici\u00f3 alrededor de las 13 horas, fue organizada desde la Subsecretar\u00eda de Atenci\u00f3n Primaria de la Salud y las Direcciones de Epidemiolog\u00eda y Bromatolog\u00eda, con el objetivo de seguir implementando estrategias sanitarias.<\/p>\n\n\n\n<figure class=\"wp-block-image size-large\"><img data-recalc-dims=\"1\" loading=\"lazy\" decoding=\"async\" width=\"800\" height=\"517\" src=\"https:\/\/i0.wp.com\/cdnoticias.com\/wp-content\/uploads\/2024\/09\/Capacitacion-Dengue-2.jpeg?resize=800%2C517&#038;ssl=1\" alt=\"\" class=\"wp-image-126316\" srcset=\"https:\/\/i0.wp.com\/cdnoticias.com\/wp-content\/uploads\/2024\/09\/Capacitacion-Dengue-2.jpeg?resize=1024%2C662&amp;ssl=1 1024w, https:\/\/i0.wp.com\/cdnoticias.com\/wp-content\/uploads\/2024\/09\/Capacitacion-Dengue-2.jpeg?resize=300%2C194&amp;ssl=1 300w, https:\/\/i0.wp.com\/cdnoticias.com\/wp-content\/uploads\/2024\/09\/Capacitacion-Dengue-2.jpeg?resize=768%2C497&amp;ssl=1 768w, https:\/\/i0.wp.com\/cdnoticias.com\/wp-content\/uploads\/2024\/09\/Capacitacion-Dengue-2.jpeg?resize=1536%2C994&amp;ssl=1 1536w, https:\/\/i0.wp.com\/cdnoticias.com\/wp-content\/uploads\/2024\/09\/Capacitacion-Dengue-2.jpeg?w=1600&amp;ssl=1 1600w\" sizes=\"auto, (max-width: 800px) 100vw, 800px\" \/><\/figure>\n\n\n\n<p>Se cont\u00f3 con un importante marco de concurrentes, a quienes se le brindaron no solo <strong>contenidos acerca de las particularidades tanto del virus como del mosquito vector, s\u00edntomas compatibles con la enfermedad y herramientas pr\u00e1cticas para aplicar tanto en operativos de bloqueo como en domicilios particulares, entre otros conceptos.<\/strong><\/p>\n\n\n\n<p><strong><em>\u201cTap\u00e1, lav\u00e1, tir\u00e1 y gir\u00e1\u201d. <\/em><\/strong>De esa manera se sintetiz\u00f3 pero tambi\u00e9n encabez\u00f3 varios apartados de la jornada, para que de manera pr\u00e1ctica se adopten actitudes que son clave para evitar que el mosquito se propague. Por ello se fue insistente en la importancia de evitar la acumulaci\u00f3n de aguas en distintos recipientes, con <strong>especial \u00e9nfasis en neum\u00e1ticos, por su complejidad para evitarlo, como as\u00ed tambi\u00e9n bebederos de mascotas, por su presencia en la mayor\u00eda de los domicilios. Sobre esto \u00faltimo se aconsej\u00f3, por ejemplo, cambiar el agua cada tres d\u00edas para evitar el ciclo de vida, como as\u00ed tambi\u00e9n frotar los laterales al limpiar recipientes.<\/strong><\/p>\n\n\n\n<figure class=\"wp-block-image size-large\"><img data-recalc-dims=\"1\" loading=\"lazy\" decoding=\"async\" width=\"800\" height=\"533\" src=\"https:\/\/i0.wp.com\/cdnoticias.com\/wp-content\/uploads\/2024\/09\/Capacitacion-Dengue-1.jpeg?resize=800%2C533&#038;ssl=1\" alt=\"\" class=\"wp-image-126315\" srcset=\"https:\/\/i0.wp.com\/cdnoticias.com\/wp-content\/uploads\/2024\/09\/Capacitacion-Dengue-1.jpeg?resize=1024%2C682&amp;ssl=1 1024w, https:\/\/i0.wp.com\/cdnoticias.com\/wp-content\/uploads\/2024\/09\/Capacitacion-Dengue-1.jpeg?resize=300%2C200&amp;ssl=1 300w, https:\/\/i0.wp.com\/cdnoticias.com\/wp-content\/uploads\/2024\/09\/Capacitacion-Dengue-1.jpeg?resize=768%2C512&amp;ssl=1 768w, https:\/\/i0.wp.com\/cdnoticias.com\/wp-content\/uploads\/2024\/09\/Capacitacion-Dengue-1.jpeg?resize=1536%2C1023&amp;ssl=1 1536w, https:\/\/i0.wp.com\/cdnoticias.com\/wp-content\/uploads\/2024\/09\/Capacitacion-Dengue-1.jpeg?resize=272%2C182&amp;ssl=1 272w, https:\/\/i0.wp.com\/cdnoticias.com\/wp-content\/uploads\/2024\/09\/Capacitacion-Dengue-1.jpeg?w=1600&amp;ssl=1 1600w\" sizes=\"auto, (max-width: 800px) 100vw, 800px\" \/><\/figure>\n\n\n\n<p>En la continuidad de consejos y recomendaciones tambi\u00e9n se ponder\u00f3 <strong>la importancia en la utilizaci\u00f3n de repelentes, mosquiteros, espirales y prendas de vestir de color claro.<\/strong><\/p>\n\n\n\n<p>Por otra parte, se puso el acento en la importancia de la labor conjunta y coordinada, tal como qued\u00f3 de manifiesto no s\u00f3lo en la capacitaci\u00f3n realizada en las \u00faltimas horas sino tambi\u00e9n en los operativos de bloqueo y prevenci\u00f3n que se realizan de manera frecuente. Es por ello que<strong> se habl\u00f3 en t\u00e9rminos de una gesti\u00f3n integral y articulada, en la cual es tan relevante lo desplegado desde el Municipio como lo que realiza cada vecino y vecina de manera particular en su domicilio. En ese sentido, se invita a la comunidad a comunicarse, por reclamos o sugerencias, al 147, l\u00ednea disponible las 24 horas.<\/strong><\/p>\n\n\n\n<figure class=\"wp-block-image size-large\"><img data-recalc-dims=\"1\" loading=\"lazy\" decoding=\"async\" width=\"800\" height=\"533\" src=\"https:\/\/i0.wp.com\/cdnoticias.com\/wp-content\/uploads\/2024\/09\/Capacitacion-Dengue-3.jpeg?resize=800%2C533&#038;ssl=1\" alt=\"\" class=\"wp-image-126317\" srcset=\"https:\/\/i0.wp.com\/cdnoticias.com\/wp-content\/uploads\/2024\/09\/Capacitacion-Dengue-3.jpeg?resize=1024%2C682&amp;ssl=1 1024w, https:\/\/i0.wp.com\/cdnoticias.com\/wp-content\/uploads\/2024\/09\/Capacitacion-Dengue-3.jpeg?resize=300%2C200&amp;ssl=1 300w, https:\/\/i0.wp.com\/cdnoticias.com\/wp-content\/uploads\/2024\/09\/Capacitacion-Dengue-3.jpeg?resize=768%2C512&amp;ssl=1 768w, https:\/\/i0.wp.com\/cdnoticias.com\/wp-content\/uploads\/2024\/09\/Capacitacion-Dengue-3.jpeg?resize=1536%2C1023&amp;ssl=1 1536w, https:\/\/i0.wp.com\/cdnoticias.com\/wp-content\/uploads\/2024\/09\/Capacitacion-Dengue-3.jpeg?resize=272%2C182&amp;ssl=1 272w, https:\/\/i0.wp.com\/cdnoticias.com\/wp-content\/uploads\/2024\/09\/Capacitacion-Dengue-3.jpeg?w=1600&amp;ssl=1 1600w\" sizes=\"auto, (max-width: 800px) 100vw, 800px\" \/><\/figure>\n\n\n\n<p><strong>El Programa Municipal \u201cAdelantate al Dengue\u201d se traduce en un trabajo interdisciplinario que involucra distintas \u00e1reas del Municipio, en un abordaje integral y territorial desplegado en diversos puntos del Partido de Olavarr\u00eda desde la Jefatura de Gabinete, el Consejo Administrativo de la Salud y las Secretar\u00edas de Obras P\u00fablicas, de Desarrollo de la Comunidad como as\u00ed tambi\u00e9n una campa\u00f1a comunicacional desarrollada desde las Subsecretar\u00eda de Comunicaci\u00f3n,<\/strong> con el objetivo de informar y asesorar a toda la comunidad.<\/p>\n","protected":false},"excerpt":{"rendered":"<p>Fue en la tarde de este mi\u00e9rcoles en el Sal\u00f3n Rivadavia. Se busca dise\u00f1ar y desplegar estrategias de abordaje preventivo<\/p>\n","protected":false},"author":2,"featured_media":126318,"comment_status":"closed","ping_status":"closed","sticky":false,"template":"","format":"standard","meta":{"_jetpack_memberships_contains_paid_content":false,"footnotes":""},"categories":[5,1],"tags":[],"class_list":["post-126313","post","type-post","status-publish","format-standard","has-post-thumbnail","hentry","category-informacion-general","category-portada"],"jetpack_featured_media_url":"https:\/\/i0.wp.com\/cdnoticias.com\/wp-content\/uploads\/2024\/09\/Capacitacion-Dengue-4.jpeg?fit=1600%2C1066&ssl=1","jetpack_sharing_enabled":true,"_links":{"self":[{"href":"https:\/\/cdnoticias.com\/index.php\/wp-json\/wp\/v2\/posts\/126313","targetHints":{"allow":["GET"]}}],"collection":[{"href":"https:\/\/cdnoticias.com\/index.php\/wp-json\/wp\/v2\/posts"}],"about":[{"href":"https:\/\/cdnoticias.com\/index.php\/wp-json\/wp\/v2\/types\/post"}],"author":[{"embeddable":true,"href":"https:\/\/cdnoticias.com\/index.php\/wp-json\/wp\/v2\/users\/2"}],"replies":[{"embeddable":true,"href":"https:\/\/cdnoticias.com\/index.php\/wp-json\/wp\/v2\/comments?post=126313"}],"version-history":[{"count":0,"href":"https:\/\/cdnoticias.com\/index.php\/wp-json\/wp\/v2\/posts\/126313\/revisions"}],"wp:featuredmedia":[{"embeddable":true,"href":"https:\/\/cdnoticias.com\/index.php\/wp-json\/wp\/v2\/media\/126318"}],"wp:attachment":[{"href":"https:\/\/cdnoticias.com\/index.php\/wp-json\/wp\/v2\/media?parent=126313"}],"wp:term":[{"taxonomy":"category","embeddable":true,"href":"https:\/\/cdnoticias.com\/index.php\/wp-json\/wp\/v2\/categories?post=126313"},{"taxonomy":"post_tag","embeddable":true,"href":"https:\/\/cdnoticias.com\/index.php\/wp-json\/wp\/v2\/tags?post=126313"}],"curies":[{"name":"wp","href":"https:\/\/api.w.org\/{rel}","templated":true}]}}