{"id":126290,"date":"2024-09-24T12:34:26","date_gmt":"2024-09-24T15:34:26","guid":{"rendered":"https:\/\/cdnoticias.com\/?p=126290"},"modified":"2024-09-24T17:31:17","modified_gmt":"2024-09-24T20:31:17","slug":"el-presidente-del-hcd-fijo-fecha-para-votar-la-venta-de-una-calle-a-loma-negra","status":"publish","type":"post","link":"https:\/\/cdnoticias.com\/index.php\/2024\/09\/24\/el-presidente-del-hcd-fijo-fecha-para-votar-la-venta-de-una-calle-a-loma-negra\/","title":{"rendered":"El presidente del HCD fij\u00f3 fecha para votar la venta de una calle a Loma Negra"},"content":{"rendered":"<p>La sesi\u00f3n especial se convoc\u00f3 para el 3 de octubre desde el bloque Uni\u00f3n por la Patria. Se tratar\u00e1 la desafectaci\u00f3n de los lotes y la venta.<!--more--><\/p>\n<hr \/>\n<p>Este martes desde el<strong> Concejo Deliberante<\/strong> se dio a conocer la <strong>convocatoria a sesi\u00f3n especial<\/strong> para votar la venta de una calle a Loma Negra que la semana pasada <a href=\"https:\/\/cdnoticias.com\/index.php\/2024\/09\/17\/el-municipio-concreto-la-venta-de-una-calle-a-loma-negra\/\" target=\"_blank\" rel=\"noopener\">anunci\u00f3 el intendente Maximiliano Wesner<\/a>.<\/p>\n<p>Se inform\u00f3 que<strong> el presidente del HCD, Guillermo Santell\u00e1n<\/strong>, convoc\u00f3 a la sesi\u00f3n especial para el <strong>3 de octubre.<\/strong><\/p>\n<p>Se tratar\u00e1 el <strong>expediente 289\/24<\/strong>, para la desafectaci\u00f3n y posterior enajenaci\u00f3n de fracciones de inmuebles r\u00fasticos de dominio municipal a favor de la empresa Loma Negra. El proyecto <strong>ingres\u00f3 formalmente la semana pasada al HCD<\/strong> y<strong> tomar\u00e1 estado parlamentario este jueves<\/strong> en la sesi\u00f3n ordinaria del Legislativo local.<\/p>\n<p><strong>La sesi\u00f3n especial fue pedida por el bloque Uni\u00f3n por la Patria<\/strong> para realizarse desde las 9 de la ma\u00f1ana en el Centro de Convenciones de Olavarr\u00eda (CCO).<\/p>\n<blockquote class=\"twitter-tweet\">\n<p lang=\"es\" dir=\"ltr\">Sesi\u00f3n Especial <br \/>El Pte del HCD, Guillermo Santell\u00e1n, convoc\u00f3 a Sesi\u00f3n Especial el 3 de octubre para tratar el expediente 289\/24, para la desafectaci\u00f3n y posterior enajenaci\u00f3n de fracciones de inmuebles r\u00fasticos de dominio municipal a favor de la empresa Loma Negra. <a href=\"https:\/\/t.co\/rC7eoNqmpt\">pic.twitter.com\/rC7eoNqmpt<\/a><\/p>\n<p>&mdash; HCD Olavarr\u00eda (@HCD_OLAVARRIA) <a href=\"https:\/\/twitter.com\/HCD_OLAVARRIA\/status\/1838595316859228341?ref_src=twsrc%5Etfw\">September 24, 2024<\/a><\/p><\/blockquote>\n<p> <script async src=\"https:\/\/platform.twitter.com\/widgets.js\" charset=\"utf-8\"><\/script><\/p>\n","protected":false},"excerpt":{"rendered":"<p>La sesi\u00f3n especial se convoc\u00f3 para el 3 de octubre desde el bloque Uni\u00f3n por la Patria. Se tratar\u00e1 la<\/p>\n","protected":false},"author":4,"featured_media":126291,"comment_status":"closed","ping_status":"closed","sticky":false,"template":"","format":"standard","meta":{"_jetpack_memberships_contains_paid_content":false,"footnotes":""},"categories":[4,1],"tags":[],"class_list":["post-126290","post","type-post","status-publish","format-standard","has-post-thumbnail","hentry","category-politica","category-portada"],"jetpack_featured_media_url":"https:\/\/i0.wp.com\/cdnoticias.com\/wp-content\/uploads\/2024\/09\/HCD-presidente-guillermo-santellan-00.jpg?fit=1000%2C556&ssl=1","jetpack_sharing_enabled":true,"_links":{"self":[{"href":"https:\/\/cdnoticias.com\/index.php\/wp-json\/wp\/v2\/posts\/126290","targetHints":{"allow":["GET"]}}],"collection":[{"href":"https:\/\/cdnoticias.com\/index.php\/wp-json\/wp\/v2\/posts"}],"about":[{"href":"https:\/\/cdnoticias.com\/index.php\/wp-json\/wp\/v2\/types\/post"}],"author":[{"embeddable":true,"href":"https:\/\/cdnoticias.com\/index.php\/wp-json\/wp\/v2\/users\/4"}],"replies":[{"embeddable":true,"href":"https:\/\/cdnoticias.com\/index.php\/wp-json\/wp\/v2\/comments?post=126290"}],"version-history":[{"count":0,"href":"https:\/\/cdnoticias.com\/index.php\/wp-json\/wp\/v2\/posts\/126290\/revisions"}],"wp:featuredmedia":[{"embeddable":true,"href":"https:\/\/cdnoticias.com\/index.php\/wp-json\/wp\/v2\/media\/126291"}],"wp:attachment":[{"href":"https:\/\/cdnoticias.com\/index.php\/wp-json\/wp\/v2\/media?parent=126290"}],"wp:term":[{"taxonomy":"category","embeddable":true,"href":"https:\/\/cdnoticias.com\/index.php\/wp-json\/wp\/v2\/categories?post=126290"},{"taxonomy":"post_tag","embeddable":true,"href":"https:\/\/cdnoticias.com\/index.php\/wp-json\/wp\/v2\/tags?post=126290"}],"curies":[{"name":"wp","href":"https:\/\/api.w.org\/{rel}","templated":true}]}}