{"id":12628,"date":"2021-01-31T11:25:23","date_gmt":"2021-01-31T14:25:23","guid":{"rendered":"http:\/\/www.centraldenoticias.com.ar\/?p=12628"},"modified":"2021-01-31T11:52:28","modified_gmt":"2021-01-31T14:52:28","slug":"comenzo-la-vacunacion-de-adultos-mayores-y-docentes","status":"publish","type":"post","link":"https:\/\/cdnoticias.com\/index.php\/2021\/01\/31\/comenzo-la-vacunacion-de-adultos-mayores-y-docentes\/","title":{"rendered":"Comenz\u00f3 la vacunaci\u00f3n de adultos mayores y docentes"},"content":{"rendered":"<p>La primera jornada de inmunizaciones fuera del equipo de salud se llev\u00f3 adelante en Lomas de Zamora. Este lunes seguir\u00e1n los docentes que integran los grupos de riesgo.<!--more--><\/p>\n<hr \/>\n<p><strong>El operativo para vacunar contra el Covid-19 a docentes que padecen factores de riesgo y a mayores de 60 a\u00f1os que viven en geri\u00e1tricos comenz\u00f3 este s\u00e1bado en la provincia de Buenos Aires<\/strong> en el plazo establecido, pese a la<a href=\"https:\/\/cdnoticias.com\/index.php\/2021\/01\/28\/covid-con-88-mil-dosis-en-la-provincia-comenzara-la-vacunacion-a-docentes\/\" target=\"_blank\" rel=\"noopener\"> demora del instituto Gamaleya<\/a> en enviar las dosis acordadas de la Sputnik V.<\/p>\n<p>La semana pasada, el gobernador Axel Kicillof hab\u00eda adelantado que <strong>ser\u00eda esta semana el inicio del operativo con los docentes<\/strong> y pese a la incertidumbre que caus\u00f3 el retraso ruso pudo cumplir con el anuncio: <strong>la primera jornada del operativo Vacunate fuera de los centros de Salud se llev\u00f3 a cabo en la tarde del s\u00e1bado en una residencia geri\u00e1trica de Lomas de Zamora<\/strong>.<\/p>\n<p><img data-recalc-dims=\"1\" loading=\"lazy\" decoding=\"async\" class=\"aligncenter wp-image-12635 size-full\" src=\"https:\/\/i0.wp.com\/cdnoticias.com\/wp-content\/uploads\/2021\/01\/dib-Vacuna-lomas-630x420.jpg?resize=630%2C420&#038;ssl=1\" alt=\"\" width=\"630\" height=\"420\" srcset=\"https:\/\/i0.wp.com\/cdnoticias.com\/wp-content\/uploads\/2021\/01\/dib-Vacuna-lomas-630x420.jpg?resize=630%2C420&amp;ssl=1 630w, https:\/\/i0.wp.com\/cdnoticias.com\/wp-content\/uploads\/2021\/01\/dib-Vacuna-lomas-630x420.jpg?resize=300%2C200&amp;ssl=1 300w, https:\/\/i0.wp.com\/cdnoticias.com\/wp-content\/uploads\/2021\/01\/dib-Vacuna-lomas-630x420.jpg?resize=272%2C182&amp;ssl=1 272w\" sizes=\"auto, (max-width: 630px) 100vw, 630px\" \/><\/p>\n<p><strong>All\u00ed estuvo el Gobernador junto al ministro de Salud, Daniel Gollan<\/strong>, el diputado nacional <strong>M\u00e1ximo Kirchner<\/strong>, la directora ejecutiva del PAMI, <strong>Luana Volnovich<\/strong>, y el intendente Mart\u00edn Insaurralde. Presenciaron el inicio de la una nueva etapa del Plan P\u00fablico, Gratuito y Optativo de Vacunaci\u00f3n contra el Covid-19 que alcanza as\u00ed a nuevos grupos poblacionales.<\/p>\n<p>Desde la residencia del Hospital Espa\u00f1ol \u201cHogar El\u00edas Romero\u201d ubicada en la localidad de Temperley, Kicillof remarc\u00f3: \u201cA partir de haber logrado que m\u00e1s de 115 mil vacunas hayan sido administradas al personal de salud de toda la Provincia, <strong>hemos podido dar un nuevo paso y comenzar a vacunar a adultos mayores<\/strong> que est\u00e1n situaci\u00f3n de internaci\u00f3n y a miembros de la comunidad educativa con enfermedades preexistentes\u201d.<\/p>\n<blockquote><p>\u201cEste es un momento muy movilizador porque desde que empez\u00f3 la pandemia muchos adultos mayores han hecho un sacrificio muy grande al no poder ver a sus familias\u201d, afirm\u00f3 el mandatario. Agreg\u00f3: \u201ca partir de la gesti\u00f3n del Presidente y su equipo, contamos con la vacuna y podemos articular la campa\u00f1a de vacunaci\u00f3n con los municipios y organismos como el PAMI\u201d.<\/p><\/blockquote>\n<p><img data-recalc-dims=\"1\" loading=\"lazy\" decoding=\"async\" class=\"aligncenter wp-image-12633 size-full\" src=\"https:\/\/i0.wp.com\/cdnoticias.com\/wp-content\/uploads\/2021\/01\/vacunacion-covid02.jpg?resize=800%2C445&#038;ssl=1\" alt=\"\" width=\"800\" height=\"445\" srcset=\"https:\/\/i0.wp.com\/cdnoticias.com\/wp-content\/uploads\/2021\/01\/vacunacion-covid02.jpg?w=800&amp;ssl=1 800w, https:\/\/i0.wp.com\/cdnoticias.com\/wp-content\/uploads\/2021\/01\/vacunacion-covid02.jpg?resize=300%2C167&amp;ssl=1 300w, https:\/\/i0.wp.com\/cdnoticias.com\/wp-content\/uploads\/2021\/01\/vacunacion-covid02.jpg?resize=768%2C427&amp;ssl=1 768w\" sizes=\"auto, (max-width: 800px) 100vw, 800px\" \/><\/p>\n<p>Las autoridades presenciaron la vacunaci\u00f3n de <strong>cuatro residentes y de un trabajador del hospital<\/strong> en el m\u00f3dulo Asturias. El programa prev\u00e9 continuar con la aplicaci\u00f3n de la vacuna tanto en adultos mayores como en trabajadoras y trabajadores del establecimiento, que cuenta con nueve pabellones en los que se han desarrollado protocolos estrictos de aislamiento y cuidado.<\/p>\n<p><strong>Una salida tras el esfuerzo<\/strong><\/p>\n<p>El diputado Kirchner sostuvo: \u201cA veces nos cuesta tomar dimensi\u00f3n de estas historias que han sufrido muchos y muchas argentinas que <strong>han pasado tanto tiempo sin poder ver a sus familias<\/strong>\u201d. \u201cCon la vacunaci\u00f3n podemos permitirles transitar esta etapa de sus vidas de manera mucho m\u00e1s agradable y tranquila\u201d, agreg\u00f3.<\/p>\n<p>\u201cEsto debe estimular a todos y todas las bonaerenses a inscribirse y a ayudar a sus vecinos y a sus vecinas para que tambi\u00e9n puedan registrarse\u201d, afirm\u00f3 Kirchner, al tiempo que enfatiz\u00f3 que \u201chacerlo con tiempo va a permitir dise\u00f1ar mejor una log\u00edstica que nos permita vacunar a la mayor cantidad de gente en el menor tiempo posible\u201d.<\/p>\n<p><img data-recalc-dims=\"1\" loading=\"lazy\" decoding=\"async\" class=\"aligncenter wp-image-12632 size-full\" src=\"https:\/\/i0.wp.com\/cdnoticias.com\/wp-content\/uploads\/2021\/01\/vacunacion-covid01.jpg?resize=800%2C445&#038;ssl=1\" alt=\"\" width=\"800\" height=\"445\" srcset=\"https:\/\/i0.wp.com\/cdnoticias.com\/wp-content\/uploads\/2021\/01\/vacunacion-covid01.jpg?w=800&amp;ssl=1 800w, https:\/\/i0.wp.com\/cdnoticias.com\/wp-content\/uploads\/2021\/01\/vacunacion-covid01.jpg?resize=300%2C167&amp;ssl=1 300w, https:\/\/i0.wp.com\/cdnoticias.com\/wp-content\/uploads\/2021\/01\/vacunacion-covid01.jpg?resize=768%2C427&amp;ssl=1 768w\" sizes=\"auto, (max-width: 800px) 100vw, 800px\" \/><\/p>\n<p>Por su parte, Volnovich se\u00f1al\u00f3: \u201cHoy es un d\u00eda muy importante porque empezamos a vacunar en las residencias geri\u00e1tricas a <strong>las y los ciudadanos que m\u00e1s se han tenido que esforzar durante la pandemia<\/strong>\u201d. \u201cLo haremos de forma escalonada, conscientes de que cada persona que se vacuna puede volver a ver a su familia y salir de la tristeza y la soledad, que son muy malas para la salud de los adultos mayores\u201d, agreg\u00f3.<\/p>\n<blockquote><p>Luego de haber inmunizado a m\u00e1s de 100 mil integrantes del sistema de salud, esta nueva fase del plan se realiza de forma articulada con el PAMI tras de un censo de residencias de larga estad\u00eda que dio cuenta de aproximadamente 2 mil establecimientos en los 135 municipios bonaerenses.<\/p><\/blockquote>\n<p>Cabe recordar que<strong> en Olavarr\u00eda se cuentan unos 53 establecimientos de este tipo<\/strong>, aunque s\u00f3lo uno est\u00e1 habilitado oficialmente por el \u00e1rea de Salud provincial y es prestador de PAMI.<\/p>\n<p>Se dej\u00f3 en claro desde la Provincia que <strong>se contemplar\u00e1 tambi\u00e9n a pacientes internados en cl\u00ednicas de salud mental y en hogares para personas que sufren alguna discapacidad<\/strong>. Con ello se llevar\u00e1 a cabo un esquema escalonado para brindar inmunidad primero a las y los residentes de instancia prolongada y luego al resto de las y los mayores de 70 a\u00f1os que se hayan inscripto.<\/p>\n<p><strong>Docentes<\/strong><\/p>\n<p>M\u00e1s temprano, Gollan, el viceministro de Salud, Nicol\u00e1s Kreplak, y el presidente del IOMA, Homero Giles, hab\u00edan visitado <strong>el Hospital de IOMA en Temperley, donde comenz\u00f3 tambi\u00e9n la vacunaci\u00f3n de miembros de la comunidad educativa que integran grupos de riesgo<\/strong> por padecer enfermedades preexistentes.<\/p>\n<p><img data-recalc-dims=\"1\" loading=\"lazy\" decoding=\"async\" class=\"aligncenter wp-image-12634 size-full\" src=\"https:\/\/i0.wp.com\/cdnoticias.com\/wp-content\/uploads\/2021\/01\/vacunacion-covid03.jpg?resize=800%2C445&#038;ssl=1\" alt=\"\" width=\"800\" height=\"445\" srcset=\"https:\/\/i0.wp.com\/cdnoticias.com\/wp-content\/uploads\/2021\/01\/vacunacion-covid03.jpg?w=800&amp;ssl=1 800w, https:\/\/i0.wp.com\/cdnoticias.com\/wp-content\/uploads\/2021\/01\/vacunacion-covid03.jpg?resize=300%2C167&amp;ssl=1 300w, https:\/\/i0.wp.com\/cdnoticias.com\/wp-content\/uploads\/2021\/01\/vacunacion-covid03.jpg?resize=768%2C427&amp;ssl=1 768w\" sizes=\"auto, (max-width: 800px) 100vw, 800px\" \/><\/p>\n<p>\u201cLa liberaci\u00f3n del da\u00f1o que ha hecho la pandemia solo la puede proporcionar la vacuna. Con mucha seriedad y profesionalismo, vamos a seguir llevando adelante la campa\u00f1a de vacunaci\u00f3n m\u00e1s importante de la historia de la Argentina y de la provincia de Buenos Aires\u201d, concluy\u00f3 Kicillof.<\/p>\n<p>Por \u00faltimo, se record\u00f3 que los y las bonaerenses que opten por recibir la vacuna deben preinscribirse en el sitio <a href=\"http:\/\/www.vacunatepba.gba.gob.ar\" target=\"_blank\" rel=\"noopener\">www.vacunatepba.gba.gob.ar<\/a> o a trav\u00e9s de la aplicaci\u00f3n vacunatePBA. All\u00ed se gestionar\u00e1n los turnos de acuerdo a las distintas prioridades establecidas en el plan de vacunaci\u00f3n.<\/p>\n<p>Fuentes: <em>Agencia DIB y Prensa GBA<\/em><\/p>\n","protected":false},"excerpt":{"rendered":"<p>La primera jornada de inmunizaciones fuera del equipo de salud se llev\u00f3 adelante en Lomas de Zamora. Este lunes seguir\u00e1n<\/p>\n","protected":false},"author":4,"featured_media":12631,"comment_status":"closed","ping_status":"closed","sticky":false,"template":"","format":"standard","meta":{"_jetpack_memberships_contains_paid_content":false,"footnotes":""},"categories":[6,1],"tags":[],"class_list":["post-12628","post","type-post","status-publish","format-standard","has-post-thumbnail","hentry","category-nacionales","category-portada"],"jetpack_featured_media_url":"https:\/\/i0.wp.com\/cdnoticias.com\/wp-content\/uploads\/2021\/01\/vacunacion-covid00.jpg?fit=800%2C445&ssl=1","jetpack_sharing_enabled":true,"_links":{"self":[{"href":"https:\/\/cdnoticias.com\/index.php\/wp-json\/wp\/v2\/posts\/12628","targetHints":{"allow":["GET"]}}],"collection":[{"href":"https:\/\/cdnoticias.com\/index.php\/wp-json\/wp\/v2\/posts"}],"about":[{"href":"https:\/\/cdnoticias.com\/index.php\/wp-json\/wp\/v2\/types\/post"}],"author":[{"embeddable":true,"href":"https:\/\/cdnoticias.com\/index.php\/wp-json\/wp\/v2\/users\/4"}],"replies":[{"embeddable":true,"href":"https:\/\/cdnoticias.com\/index.php\/wp-json\/wp\/v2\/comments?post=12628"}],"version-history":[{"count":0,"href":"https:\/\/cdnoticias.com\/index.php\/wp-json\/wp\/v2\/posts\/12628\/revisions"}],"wp:featuredmedia":[{"embeddable":true,"href":"https:\/\/cdnoticias.com\/index.php\/wp-json\/wp\/v2\/media\/12631"}],"wp:attachment":[{"href":"https:\/\/cdnoticias.com\/index.php\/wp-json\/wp\/v2\/media?parent=12628"}],"wp:term":[{"taxonomy":"category","embeddable":true,"href":"https:\/\/cdnoticias.com\/index.php\/wp-json\/wp\/v2\/categories?post=12628"},{"taxonomy":"post_tag","embeddable":true,"href":"https:\/\/cdnoticias.com\/index.php\/wp-json\/wp\/v2\/tags?post=12628"}],"curies":[{"name":"wp","href":"https:\/\/api.w.org\/{rel}","templated":true}]}}