{"id":126240,"date":"2024-09-23T18:38:00","date_gmt":"2024-09-23T21:38:00","guid":{"rendered":"https:\/\/cdnoticias.com\/?p=126240"},"modified":"2024-09-23T18:38:23","modified_gmt":"2024-09-23T21:38:23","slug":"jose-luis-solle-q-e-p-d","status":"publish","type":"post","link":"https:\/\/cdnoticias.com\/index.php\/2024\/09\/23\/jose-luis-solle-q-e-p-d\/","title":{"rendered":"Jos\u00e9 Luis Soll\u00e9 (Q.E.P.D.)"},"content":{"rendered":"\n<p>Falleci\u00f3 en Mar del Plata el 23 de septiembre de 2024 a los 68 a\u00f1os de edad. Su esposa Norma Zyla; su hija Antonella, sus hijos del coraz\u00f3n: Leonardo y Guillermina; sus hijos pol\u00edticos; sus nietos del coraz\u00f3n: Violeta, \u00c1mbar, Piero, Amelia y Le\u00f3n; sus sobrinos: Vanina e Iv\u00e1n; su hermana pol\u00edtica Margarita y dem\u00e1s deudos participan su fallecimiento.<\/p>\n\n\n\n<p><\/p>\n\n\n\n<p>Sus restos son velados en Espa\u00f1a 2942, Departamento &#8220;F&#8221; y ser\u00e1n inhumados en el cementerio Loma de Paz, este martes al as 9:30, previo responso en la capilla ardiente. Vecino de Microcentro. Nacido en Recalde. Empresario y Productor Rural.<\/p>\n","protected":false},"excerpt":{"rendered":"<p>Falleci\u00f3 en Mar del Plata el 23 de septiembre de 2024 a los 68 a\u00f1os de edad. Su esposa Norma<\/p>\n","protected":false},"author":2,"featured_media":100390,"comment_status":"closed","ping_status":"closed","sticky":false,"template":"","format":"standard","meta":{"_jetpack_memberships_contains_paid_content":false,"footnotes":""},"categories":[10],"tags":[],"class_list":["post-126240","post","type-post","status-publish","format-standard","has-post-thumbnail","hentry","category-necrologicas"],"jetpack_featured_media_url":"https:\/\/i0.wp.com\/cdnoticias.com\/wp-content\/uploads\/2023\/10\/necrologicas-390-x-240.jpg?fit=390%2C240&ssl=1","jetpack_sharing_enabled":true,"_links":{"self":[{"href":"https:\/\/cdnoticias.com\/index.php\/wp-json\/wp\/v2\/posts\/126240","targetHints":{"allow":["GET"]}}],"collection":[{"href":"https:\/\/cdnoticias.com\/index.php\/wp-json\/wp\/v2\/posts"}],"about":[{"href":"https:\/\/cdnoticias.com\/index.php\/wp-json\/wp\/v2\/types\/post"}],"author":[{"embeddable":true,"href":"https:\/\/cdnoticias.com\/index.php\/wp-json\/wp\/v2\/users\/2"}],"replies":[{"embeddable":true,"href":"https:\/\/cdnoticias.com\/index.php\/wp-json\/wp\/v2\/comments?post=126240"}],"version-history":[{"count":0,"href":"https:\/\/cdnoticias.com\/index.php\/wp-json\/wp\/v2\/posts\/126240\/revisions"}],"wp:featuredmedia":[{"embeddable":true,"href":"https:\/\/cdnoticias.com\/index.php\/wp-json\/wp\/v2\/media\/100390"}],"wp:attachment":[{"href":"https:\/\/cdnoticias.com\/index.php\/wp-json\/wp\/v2\/media?parent=126240"}],"wp:term":[{"taxonomy":"category","embeddable":true,"href":"https:\/\/cdnoticias.com\/index.php\/wp-json\/wp\/v2\/categories?post=126240"},{"taxonomy":"post_tag","embeddable":true,"href":"https:\/\/cdnoticias.com\/index.php\/wp-json\/wp\/v2\/tags?post=126240"}],"curies":[{"name":"wp","href":"https:\/\/api.w.org\/{rel}","templated":true}]}}