{"id":12623,"date":"2021-01-31T10:02:05","date_gmt":"2021-01-31T13:02:05","guid":{"rendered":"http:\/\/www.centraldenoticias.com.ar\/?p=12623"},"modified":"2021-01-31T11:26:07","modified_gmt":"2021-01-31T14:26:07","slug":"este-lunes-continuara-la-paritaria-de-los-judiciales","status":"publish","type":"post","link":"https:\/\/cdnoticias.com\/index.php\/2021\/01\/31\/este-lunes-continuara-la-paritaria-de-los-judiciales\/","title":{"rendered":"Este lunes continuar\u00e1 la paritaria de los judiciales"},"content":{"rendered":"<p>La AJB fue convocada para la negociaci\u00f3n salarial tras un impass de un mes y numerosos reclamos del sindicato a la gesti\u00f3n provincial.<!--more--><\/p>\n<hr \/>\n<p><strong>Este lunes habr\u00e1 una nueva reuni\u00f3n de la negociaci\u00f3n paritaria 2020 de los empleados judiciales de la Provincia de Buenos Aires.<\/strong><\/p>\n<p>El jueves se realiz\u00f3 la convocatoria, <a href=\"https:\/\/cdnoticias.com\/index.php\/2021\/01\/17\/paritaria-de-los-judiciales-la-demora-en-las-negociaciones-es-inaceptable\/\" target=\"_blank\" rel=\"noopener\">\u201ca partir de los reiterados reclamos efectuados\u201d<\/a> se indic\u00f3 desde la AJB, el sindicato que nuclea a los trabajadores. <strong>La reuni\u00f3n est\u00e1 prevista para el pr\u00f3ximo lunes 1 de febrero en horas de la tarde<\/strong>.<\/p>\n<p>Cabe recordar que a partir de los mandatos de las asambleas realizadas durante todo el a\u00f1o -que establecieron el objetivo de que &#8220;los salarios no vuelvan a perder con la inflaci\u00f3n&#8221;- el pasado 29 de diciembre la conducci\u00f3n provincial del sindicato <strong>rechaz\u00f3 en la mesa de negociaci\u00f3n la oferta del Ejecutivo provincial<\/strong> que llevaba el incremento salarial anual al 31%.<\/p>\n<blockquote><p>Se indic\u00f3 que esa propuesta \u201cimplicaba el cierre de la paritaria cinco puntos porcentuales por debajo de la inflaci\u00f3n del 2020 (36,1%, de acuerdo a lo publicado por el Indec). La decisi\u00f3n del rechazo fue ratificada por la gran mayor\u00eda de las asambleas realizadas el 30 de diciembre en las 19 departamentales\u201d.<\/p><\/blockquote>\n<p>Asimismo, \u201clas y los trabajadores judiciales exigieron la <strong>continuidad de la negociaci\u00f3n salarial<\/strong> y un incremento salarial que permita equiparar la inflaci\u00f3n del 2020, a la vez que mandataron a la Comisi\u00f3n Directiva Provincial para disponer medidas de fuerza los primeros d\u00edas de febrero de 2021 en el caso de que el gobierno provincial no realizara una nueva convocatoria\u201d.<\/p>\n<p>La AJB tambi\u00e9n reclam\u00f3 acordar un proceso de recuperaci\u00f3n del salario perdido durante los a\u00f1os 2018 y 2019, y la restituci\u00f3n del 3% de antig\u00fcedad por los a\u00f1os que se pagan por debajo de ese porcentaje.<\/p>\n","protected":false},"excerpt":{"rendered":"<p>La AJB fue convocada para la negociaci\u00f3n salarial tras un impass de un mes y numerosos reclamos del sindicato a<\/p>\n","protected":false},"author":4,"featured_media":11618,"comment_status":"closed","ping_status":"closed","sticky":false,"template":"","format":"standard","meta":{"_jetpack_memberships_contains_paid_content":false,"footnotes":""},"categories":[6,1],"tags":[],"class_list":["post-12623","post","type-post","status-publish","format-standard","has-post-thumbnail","hentry","category-nacionales","category-portada"],"jetpack_featured_media_url":"https:\/\/i0.wp.com\/cdnoticias.com\/wp-content\/uploads\/2021\/01\/judiciales.jpg?fit=600%2C271&ssl=1","jetpack_sharing_enabled":true,"_links":{"self":[{"href":"https:\/\/cdnoticias.com\/index.php\/wp-json\/wp\/v2\/posts\/12623","targetHints":{"allow":["GET"]}}],"collection":[{"href":"https:\/\/cdnoticias.com\/index.php\/wp-json\/wp\/v2\/posts"}],"about":[{"href":"https:\/\/cdnoticias.com\/index.php\/wp-json\/wp\/v2\/types\/post"}],"author":[{"embeddable":true,"href":"https:\/\/cdnoticias.com\/index.php\/wp-json\/wp\/v2\/users\/4"}],"replies":[{"embeddable":true,"href":"https:\/\/cdnoticias.com\/index.php\/wp-json\/wp\/v2\/comments?post=12623"}],"version-history":[{"count":0,"href":"https:\/\/cdnoticias.com\/index.php\/wp-json\/wp\/v2\/posts\/12623\/revisions"}],"wp:featuredmedia":[{"embeddable":true,"href":"https:\/\/cdnoticias.com\/index.php\/wp-json\/wp\/v2\/media\/11618"}],"wp:attachment":[{"href":"https:\/\/cdnoticias.com\/index.php\/wp-json\/wp\/v2\/media?parent=12623"}],"wp:term":[{"taxonomy":"category","embeddable":true,"href":"https:\/\/cdnoticias.com\/index.php\/wp-json\/wp\/v2\/categories?post=12623"},{"taxonomy":"post_tag","embeddable":true,"href":"https:\/\/cdnoticias.com\/index.php\/wp-json\/wp\/v2\/tags?post=12623"}],"curies":[{"name":"wp","href":"https:\/\/api.w.org\/{rel}","templated":true}]}}