{"id":126209,"date":"2024-09-23T11:56:52","date_gmt":"2024-09-23T14:56:52","guid":{"rendered":"https:\/\/cdnoticias.com\/?p=126209"},"modified":"2024-09-23T16:26:32","modified_gmt":"2024-09-23T19:26:32","slug":"robos-a-inmobiliarias-se-calcula-que-pueden-ser-las-mismas-personas","status":"publish","type":"post","link":"https:\/\/cdnoticias.com\/index.php\/2024\/09\/23\/robos-a-inmobiliarias-se-calcula-que-pueden-ser-las-mismas-personas\/","title":{"rendered":"Robos a inmobiliarias: \u201cse calcula que pueden ser las mismas personas\u201d"},"content":{"rendered":"<p>Lo expres\u00f3 el presidente de la comisi\u00f3n de Seguridad del HCD, Sebasti\u00e1n Matrella, que recibi\u00f3 al Colegio de Martilleros. Hubo \u201c5 o 6 robos\u201d este a\u00f1o con modalidad similar, aunque no todos han sido denunciados.<!--more--><\/p>\n<hr \/>\n<p><a href=\"https:\/\/cdnoticias.com\/index.php\/2024\/09\/20\/el-hcd-se-reunio-con-integrantes-del-colegio-de-martilleros-por-casos-de-inseguridad\/\" target=\"_blank\" rel=\"noopener\">La semana pasada<\/a> la <strong>Comisi\u00f3n de Seguridad del Concejo Deliberante<\/strong> de Olavarr\u00eda recibi\u00f3 a <strong>integrantes del Colegio de Martilleros<\/strong>, Susana Magallanes y Leonardo Graf, quienes expusieron sobre<strong> varios hechos de inseguridad que se dieron en inmobiliarias<\/strong> en el \u00faltimo tiempo.<\/p>\n<p><strong>Central de Noticias<\/strong> habl\u00f3 con el <strong>presidente de la comisi\u00f3n, el concejal Sebasti\u00e1n Matrella (UCR)<\/strong>, quien indic\u00f3 que \u00e9l recibi\u00f3 el llamado desde la instituci\u00f3n local. <strong>\u201cNos contactaron ellos por el tema que estaba ocurriendo, robos en diferentes inmobiliarias.<\/strong> Me contactaron a m\u00ed que soy el presidente y resolvimos que puedan venir a contar sus sensaciones, sus preocupaciones y ayudar a visibilizar lo que sucede\u201d dijo.<\/p>\n<blockquote><p>El concejal cont\u00f3 acerca de los robos que \u201cel modus operandi ha sido medio parecido. De noche, con una manera similar de entrar, se calcula que pueden ser las mismas personas o una banda\u201d.<\/p><\/blockquote>\n<p><img data-recalc-dims=\"1\" loading=\"lazy\" decoding=\"async\" class=\"size-full wp-image-122470 aligncenter\" src=\"https:\/\/i0.wp.com\/cdnoticias.com\/wp-content\/uploads\/2024\/08\/HCD-sebastian-matrella-03.jpg?resize=800%2C446&#038;ssl=1\" alt=\"\" width=\"800\" height=\"446\" srcset=\"https:\/\/i0.wp.com\/cdnoticias.com\/wp-content\/uploads\/2024\/08\/HCD-sebastian-matrella-03.jpg?w=1000&amp;ssl=1 1000w, https:\/\/i0.wp.com\/cdnoticias.com\/wp-content\/uploads\/2024\/08\/HCD-sebastian-matrella-03.jpg?resize=300%2C167&amp;ssl=1 300w, https:\/\/i0.wp.com\/cdnoticias.com\/wp-content\/uploads\/2024\/08\/HCD-sebastian-matrella-03.jpg?resize=768%2C428&amp;ssl=1 768w, https:\/\/i0.wp.com\/cdnoticias.com\/wp-content\/uploads\/2024\/08\/HCD-sebastian-matrella-03.jpg?resize=800%2C445&amp;ssl=1 800w\" sizes=\"auto, (max-width: 800px) 100vw, 800px\" \/><\/p>\n<p>En lo que va del a\u00f1o, <strong>se han registrado \u201c5 o 6 robos\u201d<\/strong> en este tipo de locales, aunque <strong>no todos han sido denunciados<\/strong>. Ante esa situaci\u00f3n, Matrella subray\u00f3 que <strong>desde la comisi\u00f3n \u201cnosotros les sugerimos que hagan las denuncias para que tome estado y conocimiento la Polic\u00eda y tambi\u00e9n la Justicia<\/strong>, es de la \u00fanica manera en la que pueden actuar\u201d.<\/p>\n<blockquote><p>\u201cLo primero que hicimos fue consultar la problem\u00e1tica, tratar de ver ahora c\u00f3mo siguen las denuncias y, si necesitan asistencia, gestionar reuniones\u201d dijo el concejal radical sobre las respuestas ofrecidas. Se plantearon posibles contactos tanto con el Ministerio P\u00fablico como con la Subsecretar\u00eda de Seguridad Municipal. Sebasti\u00e1n Matrella dej\u00f3 en claro que la intenci\u00f3n es \u201carticular desde el Poder Legislativo para ayudar\u201d y que los concejales tienen \u201cherramientas limitadas\u201d en intervenci\u00f3n directa sobre la seguridad.<\/p><\/blockquote>\n<h3>En estudio<\/h3>\n<p>En cuanto a otros temas que se trabajan en la comisi\u00f3n de Seguridad del HCD, el presidente inform\u00f3 que <strong>se estudia \u201cun proyecto importante por el tema de los ca\u00f1os de escape\u201d<\/strong> que fue presentado por un vecino particular.<\/p>\n<p>Coment\u00f3 que se trata sobre<strong> \u201climitaciones de los ca\u00f1os de escape libre<\/strong>, principalmente por las motos que les modifican los ca\u00f1os de escape y generan ruidos molestos\u201d.<\/p>\n","protected":false},"excerpt":{"rendered":"<p>Lo expres\u00f3 el presidente de la comisi\u00f3n de Seguridad del HCD, Sebasti\u00e1n Matrella, que recibi\u00f3 al Colegio de Martilleros. Hubo<\/p>\n","protected":false},"author":4,"featured_media":126019,"comment_status":"closed","ping_status":"closed","sticky":false,"template":"","format":"standard","meta":{"_jetpack_memberships_contains_paid_content":false,"footnotes":""},"categories":[4,1],"tags":[],"class_list":["post-126209","post","type-post","status-publish","format-standard","has-post-thumbnail","hentry","category-politica","category-portada"],"jetpack_featured_media_url":"https:\/\/i0.wp.com\/cdnoticias.com\/wp-content\/uploads\/2024\/09\/WhatsApp-Image-2024-09-20-at-19.40.37.jpeg?fit=1080%2C715&ssl=1","jetpack_sharing_enabled":true,"_links":{"self":[{"href":"https:\/\/cdnoticias.com\/index.php\/wp-json\/wp\/v2\/posts\/126209","targetHints":{"allow":["GET"]}}],"collection":[{"href":"https:\/\/cdnoticias.com\/index.php\/wp-json\/wp\/v2\/posts"}],"about":[{"href":"https:\/\/cdnoticias.com\/index.php\/wp-json\/wp\/v2\/types\/post"}],"author":[{"embeddable":true,"href":"https:\/\/cdnoticias.com\/index.php\/wp-json\/wp\/v2\/users\/4"}],"replies":[{"embeddable":true,"href":"https:\/\/cdnoticias.com\/index.php\/wp-json\/wp\/v2\/comments?post=126209"}],"version-history":[{"count":0,"href":"https:\/\/cdnoticias.com\/index.php\/wp-json\/wp\/v2\/posts\/126209\/revisions"}],"wp:featuredmedia":[{"embeddable":true,"href":"https:\/\/cdnoticias.com\/index.php\/wp-json\/wp\/v2\/media\/126019"}],"wp:attachment":[{"href":"https:\/\/cdnoticias.com\/index.php\/wp-json\/wp\/v2\/media?parent=126209"}],"wp:term":[{"taxonomy":"category","embeddable":true,"href":"https:\/\/cdnoticias.com\/index.php\/wp-json\/wp\/v2\/categories?post=126209"},{"taxonomy":"post_tag","embeddable":true,"href":"https:\/\/cdnoticias.com\/index.php\/wp-json\/wp\/v2\/tags?post=126209"}],"curies":[{"name":"wp","href":"https:\/\/api.w.org\/{rel}","templated":true}]}}