{"id":126102,"date":"2024-09-21T19:45:51","date_gmt":"2024-09-21T22:45:51","guid":{"rendered":"https:\/\/cdnoticias.com\/?p=126102"},"modified":"2024-09-22T09:31:27","modified_gmt":"2024-09-22T12:31:27","slug":"el-alerta-meteorologico-se-extendio-hasta-el-domingo-en-olavarria","status":"publish","type":"post","link":"https:\/\/cdnoticias.com\/index.php\/2024\/09\/21\/el-alerta-meteorologico-se-extendio-hasta-el-domingo-en-olavarria\/","title":{"rendered":"El alerta meteorol\u00f3gico se extendi\u00f3 hasta el domingo en Olavarr\u00eda"},"content":{"rendered":"<p>El SMN pronostic\u00f3 tormentas para la noche del s\u00e1bado y la madrugada del domingo. El alerta amarillo es por \u201cintensa actividad el\u00e9ctrica, abundante ca\u00edda de agua en cortos per\u00edodos, ca\u00edda de granizo y r\u00e1fagas intensas\u201d.<!--more--><\/p>\n<hr \/>\n<p><a href=\"https:\/\/cdnoticias.com\/index.php\/2024\/09\/20\/primavera-con-lluvia-lanzan-una-alerta-amarilla-para-este-sabado\/\" target=\"_blank\" rel=\"noopener\">Tal como se hab\u00eda adelantado<\/a>, <strong>el Servicio Meteorol\u00f3gico Nacional emiti\u00f3 un alerta de nivel amarillo por tormentas<\/strong> para gran parte de la provincia de Buenos Aires incluyendo a<strong> Olavarr\u00eda.<\/strong><\/p>\n<p>La advertencia se extendi\u00f3: no s\u00f3lo abarca a la<strong> noche de este s\u00e1bado<\/strong> sino la <strong>madrugada del domingo.<\/strong><\/p>\n<blockquote><p>\u201cEl \u00e1rea ser\u00e1 afectada por tormentas, pudiendo ser algunas localmente fuertes. Las mismas estar\u00e1n acompa\u00f1adas de intensa actividad el\u00e9ctrica, abundante ca\u00edda de agua en cortos per\u00edodos, ca\u00edda de granizo y r\u00e1fagas intensas. Se estiman valores de precipitaci\u00f3n acumulada entre 20 y 40 mm, pudiendo ser superados de forma local\u201d indic\u00f3 el organismo para Olavarr\u00eda, Laprida y La Madrid.<\/p><\/blockquote>\n<p>Cuando hay alerta por tormentas, entre otras cosas, <strong>se recomienda<\/strong> <em>no sacar la basura, evitar actividades al aire libre, no refugiarse bajo \u00e1rboles o postes de luz y mantenerse informado por fuentes oficiales<\/em>.<\/p>\n<p>En el D\u00eda de la Primavera, el aviso alcanza a toda una franja del centro de la provincial. Rige tambi\u00e9n para los municipios de Bol\u00edvar, Carlos Casares, Carlos Tejedor, Hip\u00f3lito Yrigoyen, Pehuaj\u00f3, Alberti, Bragado, Chivilcoy, General Viamonte, 9 de Julio y 25 de Mayo. Asimismo, tambi\u00e9n alcanza a Azul, Rauch, Tapalqu\u00e9, Benito Ju\u00e1rez, Tandil, Ayacucho, Balcarce, General Guido, Maip\u00fa, General Madariaga, Mar Chiquita, General Pueyrred\u00f3n, General Pueyrredon, Mar Chiquita y General Alvarado.<\/p>\n<p>Seg\u00fan el SMN, en estos partidos se registrar\u00e1n durante la noche del s\u00e1bado tormentas, algunas de las cuales pueden ser \u201clocalmente fuertes\u201d.<\/p>\n<p>Si bien el<strong> D\u00eda de la Primavera<\/strong> suele celebrarse en Argentina el 21 de septiembre, esta estaci\u00f3n puede llegar entre el 21 y 23. En 2024, de hecho, el equinoccio ocurrir\u00e1 el 22 de septiembre a las 9:44 horas, seg\u00fan el Servicio de Hidrolog\u00eda Naval. En este sentido, la alerta es para la previa de la llegada de la primavera.<\/p>\n","protected":false},"excerpt":{"rendered":"<p>El SMN pronostic\u00f3 tormentas para la noche del s\u00e1bado y la madrugada del domingo. El alerta amarillo es por \u201cintensa<\/p>\n","protected":false},"author":4,"featured_media":37655,"comment_status":"closed","ping_status":"closed","sticky":false,"template":"","format":"standard","meta":{"_jetpack_memberships_contains_paid_content":false,"footnotes":""},"categories":[5,1],"tags":[],"class_list":["post-126102","post","type-post","status-publish","format-standard","has-post-thumbnail","hentry","category-informacion-general","category-portada"],"jetpack_featured_media_url":"https:\/\/i0.wp.com\/cdnoticias.com\/wp-content\/uploads\/2021\/11\/WhatsApp-Image-2021-11-04-at-16.14.41.jpeg?fit=1599%2C1200&ssl=1","jetpack_sharing_enabled":true,"_links":{"self":[{"href":"https:\/\/cdnoticias.com\/index.php\/wp-json\/wp\/v2\/posts\/126102","targetHints":{"allow":["GET"]}}],"collection":[{"href":"https:\/\/cdnoticias.com\/index.php\/wp-json\/wp\/v2\/posts"}],"about":[{"href":"https:\/\/cdnoticias.com\/index.php\/wp-json\/wp\/v2\/types\/post"}],"author":[{"embeddable":true,"href":"https:\/\/cdnoticias.com\/index.php\/wp-json\/wp\/v2\/users\/4"}],"replies":[{"embeddable":true,"href":"https:\/\/cdnoticias.com\/index.php\/wp-json\/wp\/v2\/comments?post=126102"}],"version-history":[{"count":0,"href":"https:\/\/cdnoticias.com\/index.php\/wp-json\/wp\/v2\/posts\/126102\/revisions"}],"wp:featuredmedia":[{"embeddable":true,"href":"https:\/\/cdnoticias.com\/index.php\/wp-json\/wp\/v2\/media\/37655"}],"wp:attachment":[{"href":"https:\/\/cdnoticias.com\/index.php\/wp-json\/wp\/v2\/media?parent=126102"}],"wp:term":[{"taxonomy":"category","embeddable":true,"href":"https:\/\/cdnoticias.com\/index.php\/wp-json\/wp\/v2\/categories?post=126102"},{"taxonomy":"post_tag","embeddable":true,"href":"https:\/\/cdnoticias.com\/index.php\/wp-json\/wp\/v2\/tags?post=126102"}],"curies":[{"name":"wp","href":"https:\/\/api.w.org\/{rel}","templated":true}]}}