{"id":126054,"date":"2024-09-21T17:24:05","date_gmt":"2024-09-21T20:24:05","guid":{"rendered":"https:\/\/cdnoticias.com\/?p=126054"},"modified":"2024-09-21T19:46:12","modified_gmt":"2024-09-21T22:46:12","slug":"una-multitud-celebro-el-dia-del-jubilado-y-la-jubilada-en-la-casa-del-bicentenario","status":"publish","type":"post","link":"https:\/\/cdnoticias.com\/index.php\/2024\/09\/21\/una-multitud-celebro-el-dia-del-jubilado-y-la-jubilada-en-la-casa-del-bicentenario\/","title":{"rendered":"Una multitud celebr\u00f3 el D\u00eda del Jubilado y la Jubilada en la Casa del Bicentenario"},"content":{"rendered":"\n<p>Dijeron presente no solo Centros de Jubilados de distintos puntos de la ciudad y el Partido, sino que vecinos y vecinas arribaron de manera particular desde diferentes barrios y localidades.<\/p>\n\n\n\n<hr class=\"wp-block-separator aligncenter has-alpha-channel-opacity\"\/>\n\n\n\n<p>En el inicio de la tarde de este viernes <strong>la Casa del Bicentenario fue sede de una celebraci\u00f3n<\/strong> plena en color y diversi\u00f3n con motivo de la <strong>conmemoraci\u00f3n del D\u00eda del Jubilado y la Jubilada.<\/strong><\/p>\n\n\n\n<p><\/p>\n\n\n\n<p>La actividad fue organizada desde el Municipio, con el trabajo articulado de distintas \u00e1reas de gobierno, lo que permiti\u00f3 desplegar<strong> todo tipo de propuestas en una jornada a puro sol, <\/strong>la cual permiti\u00f3 tambi\u00e9n darle una anticipada bienvenida a la primavera.<\/p>\n\n\n\n<p><\/p>\n\n\n\n<figure class=\"wp-block-image aligncenter size-full\"><img data-recalc-dims=\"1\" loading=\"lazy\" decoding=\"async\" width=\"800\" height=\"427\" src=\"https:\/\/i0.wp.com\/cdnoticias.com\/wp-content\/uploads\/2024\/09\/dia-jubilados3.png?resize=800%2C427&#038;ssl=1\" alt=\"\" class=\"wp-image-126058\" srcset=\"https:\/\/i0.wp.com\/cdnoticias.com\/wp-content\/uploads\/2024\/09\/dia-jubilados3.png?w=887&amp;ssl=1 887w, https:\/\/i0.wp.com\/cdnoticias.com\/wp-content\/uploads\/2024\/09\/dia-jubilados3.png?resize=300%2C160&amp;ssl=1 300w, https:\/\/i0.wp.com\/cdnoticias.com\/wp-content\/uploads\/2024\/09\/dia-jubilados3.png?resize=768%2C410&amp;ssl=1 768w\" sizes=\"auto, (max-width: 800px) 100vw, 800px\" \/><\/figure>\n\n\n\n<p><\/p>\n\n\n\n<p>La actividad se inici\u00f3 a las 14 horas, ante un <strong>importante marco de p\u00fablico <\/strong>que se pleg\u00f3 a la iniciativa que solo tuvo como requisito acercarse con equipo de mate, reposera, y ganas de compartir una tarde distinta.<\/p>\n\n\n\n<p><\/p>\n\n\n\n<blockquote class=\"wp-block-quote is-layout-flow wp-block-quote-is-layout-flow\">\n<p>Fue por ello que con el correr de los minutos todo el espacio verde comenz\u00f3 a poblarse hasta verse casi por completo. Dijeron presente no solo Centros de Jubilados de distintos puntos de la ciudad y el Partido, sino que vecinos y vecinas arribaron de manera particular desde diferentes barrios y localidades.<\/p>\n<\/blockquote>\n\n\n\n<p><\/p>\n\n\n\n<figure class=\"wp-block-image aligncenter size-full\"><img data-recalc-dims=\"1\" loading=\"lazy\" decoding=\"async\" width=\"800\" height=\"481\" src=\"https:\/\/i0.wp.com\/cdnoticias.com\/wp-content\/uploads\/2024\/09\/dia-jubilados1.png?resize=800%2C481&#038;ssl=1\" alt=\"\" class=\"wp-image-126056\" srcset=\"https:\/\/i0.wp.com\/cdnoticias.com\/wp-content\/uploads\/2024\/09\/dia-jubilados1.png?w=859&amp;ssl=1 859w, https:\/\/i0.wp.com\/cdnoticias.com\/wp-content\/uploads\/2024\/09\/dia-jubilados1.png?resize=300%2C180&amp;ssl=1 300w, https:\/\/i0.wp.com\/cdnoticias.com\/wp-content\/uploads\/2024\/09\/dia-jubilados1.png?resize=768%2C461&amp;ssl=1 768w\" sizes=\"auto, (max-width: 800px) 100vw, 800px\" \/><\/figure>\n\n\n\n<p><\/p>\n\n\n\n<p>Profesores del staff de la <strong>Direcci\u00f3n de Deporte Social <\/strong>encabezaron propuestas tanto recreativas como l\u00fadicas, al punto que pudieron verse, por ejemplo, <strong>canchas de tejo y de newcom <\/strong>que r\u00e1pidamente fueron utilizadas.<\/p>\n\n\n\n<p><\/p>\n\n\n\n<p>De manera paralela, se desplegaron tambi\u00e9n iniciativas con el foco en la <strong>promoci\u00f3n de h\u00e1bitos saludables y la estimulaci\u00f3n cognitiva, <\/strong>ofrecidas desde la <strong>Direcci\u00f3n de Discapacidad y Personas Mayores<\/strong>.<\/p>\n\n\n\n<p><\/p>\n\n\n\n<p>A la par, en el interior de la Casa del Bicentenario se cont\u00f3 con la <strong>presencia de personal de salud,<\/strong> dispuesto no s\u00f3lo para la atenci\u00f3n de cualquier eventualidad, sino tambi\u00e9n para la<strong> realizaci\u00f3n de controles y atenci\u00f3n de consultas.<\/strong><\/p>\n\n\n\n<p><\/p>\n\n\n\n<p>Para acompa\u00f1ar la merienda, pero tambi\u00e9n mostrar la tarea que se realiza y aprende en los <strong>Centros Recreativos Municipales<\/strong>, fue que se dispusieron varios puestos y stands que dieron lugar a una atractiva <strong>feria, tanto de comestibles como de manualidades.<\/strong><\/p>\n\n\n\n<p><\/p>\n\n\n\n<figure class=\"wp-block-image aligncenter size-full\"><img data-recalc-dims=\"1\" loading=\"lazy\" decoding=\"async\" width=\"800\" height=\"423\" src=\"https:\/\/i0.wp.com\/cdnoticias.com\/wp-content\/uploads\/2024\/09\/dia-jubilados.png?resize=800%2C423&#038;ssl=1\" alt=\"\" class=\"wp-image-126055\" srcset=\"https:\/\/i0.wp.com\/cdnoticias.com\/wp-content\/uploads\/2024\/09\/dia-jubilados.png?w=886&amp;ssl=1 886w, https:\/\/i0.wp.com\/cdnoticias.com\/wp-content\/uploads\/2024\/09\/dia-jubilados.png?resize=300%2C158&amp;ssl=1 300w, https:\/\/i0.wp.com\/cdnoticias.com\/wp-content\/uploads\/2024\/09\/dia-jubilados.png?resize=768%2C406&amp;ssl=1 768w, https:\/\/i0.wp.com\/cdnoticias.com\/wp-content\/uploads\/2024\/09\/dia-jubilados.png?resize=390%2C205&amp;ssl=1 390w\" sizes=\"auto, (max-width: 800px) 100vw, 800px\" \/><\/figure>\n\n\n\n<p><\/p>\n\n\n\n<p>Durante todo el desarrollo de la jornada<strong> se sortearon adem\u00e1s 40 viajes individuales a las Termas de Tapalqu\u00e9, <\/strong>gestionados desde el Municipio de Olavarr\u00eda para <strong>agasajar las personas jubiladas de nuestra comunidad.<\/strong><\/p>\n\n\n\n<p><\/p>\n\n\n\n<p>Se cont\u00f3 con la presencia de la Secretaria de Desarrollo de la Comunidad Laura Gamberini, la Subsecretaria de Desarrollo Social Mar\u00eda Jos\u00e9 Maidana, el Subsecretario de Deportes Juan Pablo Arouxet y la Directora de Discapacidad y Personas Mayores Laura Arbillaga, quienes fueron sacando de la urna los distintos n\u00fameros que definieron las y los ganadores del viaje que se concretar\u00e1 en los pr\u00f3ximos d\u00edas.<\/p>\n\n\n\n<p><\/p>\n\n\n\n<p>Como no pod\u00eda ser de otra manera,<strong> tambi\u00e9n hubo tiempo para el baile,<\/strong> con la presentaci\u00f3n de la <strong>banda musical Alma de Benjam\u00edn.<\/strong><\/p>\n\n\n\n<p><\/p>\n\n\n\n<p>Por \u00faltimo, la organizaci\u00f3n de la propuesta fue llevada a cabo desde la Direcci\u00f3n de Discapacidad y Personas Mayores del Municipio, en corresponsabilidad con las Subsecretar\u00edas de Deportes, de Desarrollo Social, de Cultura, de Atenci\u00f3n Primaria de la Salud y de Protecci\u00f3n Ciudadana.<\/p>\n\n\n\n<p><\/p>\n\n\n\n<figure class=\"wp-block-image aligncenter size-full\"><img data-recalc-dims=\"1\" loading=\"lazy\" decoding=\"async\" width=\"800\" height=\"447\" src=\"https:\/\/i0.wp.com\/cdnoticias.com\/wp-content\/uploads\/2024\/09\/dia-jubilados4.png?resize=800%2C447&#038;ssl=1\" alt=\"\" class=\"wp-image-126059\" srcset=\"https:\/\/i0.wp.com\/cdnoticias.com\/wp-content\/uploads\/2024\/09\/dia-jubilados4.png?w=878&amp;ssl=1 878w, https:\/\/i0.wp.com\/cdnoticias.com\/wp-content\/uploads\/2024\/09\/dia-jubilados4.png?resize=300%2C168&amp;ssl=1 300w, https:\/\/i0.wp.com\/cdnoticias.com\/wp-content\/uploads\/2024\/09\/dia-jubilados4.png?resize=768%2C429&amp;ssl=1 768w\" sizes=\"auto, (max-width: 800px) 100vw, 800px\" \/><\/figure>\n","protected":false},"excerpt":{"rendered":"<p>Dijeron presente no solo Centros de Jubilados de distintos puntos de la ciudad y el Partido, sino que vecinos y<\/p>\n","protected":false},"author":6,"featured_media":126057,"comment_status":"closed","ping_status":"closed","sticky":false,"template":"","format":"standard","meta":{"_jetpack_memberships_contains_paid_content":false,"footnotes":""},"categories":[5,1],"tags":[],"class_list":["post-126054","post","type-post","status-publish","format-standard","has-post-thumbnail","hentry","category-informacion-general","category-portada"],"jetpack_featured_media_url":"https:\/\/i0.wp.com\/cdnoticias.com\/wp-content\/uploads\/2024\/09\/dia-jubilados2.png?fit=892%2C493&ssl=1","jetpack_sharing_enabled":true,"_links":{"self":[{"href":"https:\/\/cdnoticias.com\/index.php\/wp-json\/wp\/v2\/posts\/126054","targetHints":{"allow":["GET"]}}],"collection":[{"href":"https:\/\/cdnoticias.com\/index.php\/wp-json\/wp\/v2\/posts"}],"about":[{"href":"https:\/\/cdnoticias.com\/index.php\/wp-json\/wp\/v2\/types\/post"}],"author":[{"embeddable":true,"href":"https:\/\/cdnoticias.com\/index.php\/wp-json\/wp\/v2\/users\/6"}],"replies":[{"embeddable":true,"href":"https:\/\/cdnoticias.com\/index.php\/wp-json\/wp\/v2\/comments?post=126054"}],"version-history":[{"count":0,"href":"https:\/\/cdnoticias.com\/index.php\/wp-json\/wp\/v2\/posts\/126054\/revisions"}],"wp:featuredmedia":[{"embeddable":true,"href":"https:\/\/cdnoticias.com\/index.php\/wp-json\/wp\/v2\/media\/126057"}],"wp:attachment":[{"href":"https:\/\/cdnoticias.com\/index.php\/wp-json\/wp\/v2\/media?parent=126054"}],"wp:term":[{"taxonomy":"category","embeddable":true,"href":"https:\/\/cdnoticias.com\/index.php\/wp-json\/wp\/v2\/categories?post=126054"},{"taxonomy":"post_tag","embeddable":true,"href":"https:\/\/cdnoticias.com\/index.php\/wp-json\/wp\/v2\/tags?post=126054"}],"curies":[{"name":"wp","href":"https:\/\/api.w.org\/{rel}","templated":true}]}}