{"id":126049,"date":"2024-09-24T08:44:01","date_gmt":"2024-09-24T11:44:01","guid":{"rendered":"https:\/\/cdnoticias.com\/?p=126049"},"modified":"2024-09-24T08:44:03","modified_gmt":"2024-09-24T11:44:03","slug":"defensa-al-consumidor-atendera-en-sierra-chica-hinojo-y-colonia-hinojo-3","status":"publish","type":"post","link":"https:\/\/cdnoticias.com\/index.php\/2024\/09\/24\/defensa-al-consumidor-atendera-en-sierra-chica-hinojo-y-colonia-hinojo-3\/","title":{"rendered":"Defensa al consumidor atender\u00e1 en Sierra Chica, Hinojo y Colonia Hinojo"},"content":{"rendered":"\n<p>La jornada ser\u00e1 el viernes 27 de septiembre. El servicio consiste en brindar informaci\u00f3n y asesoramiento en cuestiones vinculadas con la defensa de los derechos del consumidor.<\/p>\n\n\n\n<hr class=\"wp-block-separator aligncenter has-alpha-channel-opacity\"\/>\n\n\n\n<p>El equipo de la <strong>Direcci\u00f3n de Defensa al Consumidor y Asuntos Vecinales <\/strong>contin\u00faa con el <strong>programa itinerante de visitas a localidades<\/strong> del Partido de Olavarr\u00eda.<\/p>\n\n\n\n<p><\/p>\n\n\n\n<p>De esta manera, <strong>el pr\u00f3ximo viernes 27 de septiembre, el equipo se har\u00e1 presente en las localidades de Sierra Chica, Hinojo y Colonia Hinojo<\/strong>, en funci\u00f3n del siguiente cronograma:<\/p>\n\n\n\n<ul class=\"wp-block-list\">\n<li>9:00 horas: Delegaci\u00f3n Municipal de Sierra Chica.<\/li>\n<\/ul>\n\n\n\n<ul class=\"wp-block-list\">\n<li>10:00 horas: Colonia Hinojo, Sociedad Germana de Fomento.<\/li>\n<\/ul>\n\n\n\n<ul class=\"wp-block-list\">\n<li>11:00 horas: Delegaci\u00f3n Municipal de Hinojo.<\/li>\n<\/ul>\n\n\n\n<p><\/p>\n\n\n\n<p>Mediante este programa se busca canalizar <strong>distintos reclamos y efectuar las gestiones correspondientes<\/strong>, con la finalidad de brindar una mejor atenci\u00f3n para vecinos y vecinas del Partido de Olavarr\u00eda.<\/p>\n\n\n\n<p><\/p>\n\n\n\n<p>El servicio consiste en brindar informaci\u00f3n y asesoramiento en <strong>cuestiones vinculadas con la defensa de los derechos del consumidor,<\/strong> lo cual comprende tanto a personas f\u00edsicas como jur\u00eddicas, que adquieren bienes o servicios para consumo.<\/p>\n\n\n\n<p><\/p>\n\n\n\n<blockquote class=\"wp-block-quote is-layout-flow wp-block-quote-is-layout-flow\">\n<p>Defensa del Consumidor puede actuar en casos en los que la compra del producto o servicio se realiz\u00f3 dentro de los l\u00edmites del Partido de Olavarr\u00eda, ya sea en forma domiciliaria, internet, en forma telef\u00f3nica o puerta a puerta.<\/p>\n<\/blockquote>\n\n\n\n<p><\/p>\n\n\n\n<p>Tambi\u00e9n abarca, por ejemplo, incumplimientos de contratos, ofertas, baja de servicio, cambio de producto o tipo de servicio, d\u00e9bito indebido, anulaci\u00f3n de compra, error de facturaci\u00f3n, fallas en la calidad de productos o servicios, extrav\u00edo de encomienda, mala atenci\u00f3n entre otros.<\/p>\n\n\n\n<p><\/p>\n\n\n\n<p>En tanto que desde <strong>el \u00e1rea de Relaciones Vecinales se hace hincapi\u00e9 en la importancia de la mediaci\u00f3n comunitaria <\/strong>para promover reflexiones sobre la forma de relaci\u00f3n habitual y la <strong>importancia del di\u00e1logo constructivo<\/strong> <strong>para una sana convivencia entre vecinos<\/strong>. En el servicio de Mediaci\u00f3n Comunitaria se tratan por ejemplo: desavenencias por filtraciones, medianeras, \u00e1rboles, ruidos molestos y de convivencia en general.<\/p>\n\n\n\n<p><\/p>\n","protected":false},"excerpt":{"rendered":"<p>La jornada ser\u00e1 el viernes 27 de septiembre. El servicio consiste en brindar informaci\u00f3n y asesoramiento en cuestiones vinculadas con<\/p>\n","protected":false},"author":6,"featured_media":116313,"comment_status":"closed","ping_status":"closed","sticky":false,"template":"","format":"standard","meta":{"_jetpack_memberships_contains_paid_content":false,"footnotes":""},"categories":[5,1],"tags":[],"class_list":["post-126049","post","type-post","status-publish","format-standard","has-post-thumbnail","hentry","category-informacion-general","category-portada"],"jetpack_featured_media_url":"https:\/\/i0.wp.com\/cdnoticias.com\/wp-content\/uploads\/2024\/05\/defensa-del-consumidor-00.jpg?fit=1000%2C556&ssl=1","jetpack_sharing_enabled":true,"_links":{"self":[{"href":"https:\/\/cdnoticias.com\/index.php\/wp-json\/wp\/v2\/posts\/126049","targetHints":{"allow":["GET"]}}],"collection":[{"href":"https:\/\/cdnoticias.com\/index.php\/wp-json\/wp\/v2\/posts"}],"about":[{"href":"https:\/\/cdnoticias.com\/index.php\/wp-json\/wp\/v2\/types\/post"}],"author":[{"embeddable":true,"href":"https:\/\/cdnoticias.com\/index.php\/wp-json\/wp\/v2\/users\/6"}],"replies":[{"embeddable":true,"href":"https:\/\/cdnoticias.com\/index.php\/wp-json\/wp\/v2\/comments?post=126049"}],"version-history":[{"count":0,"href":"https:\/\/cdnoticias.com\/index.php\/wp-json\/wp\/v2\/posts\/126049\/revisions"}],"wp:featuredmedia":[{"embeddable":true,"href":"https:\/\/cdnoticias.com\/index.php\/wp-json\/wp\/v2\/media\/116313"}],"wp:attachment":[{"href":"https:\/\/cdnoticias.com\/index.php\/wp-json\/wp\/v2\/media?parent=126049"}],"wp:term":[{"taxonomy":"category","embeddable":true,"href":"https:\/\/cdnoticias.com\/index.php\/wp-json\/wp\/v2\/categories?post=126049"},{"taxonomy":"post_tag","embeddable":true,"href":"https:\/\/cdnoticias.com\/index.php\/wp-json\/wp\/v2\/tags?post=126049"}],"curies":[{"name":"wp","href":"https:\/\/api.w.org\/{rel}","templated":true}]}}