{"id":125955,"date":"2024-09-19T19:30:29","date_gmt":"2024-09-19T22:30:29","guid":{"rendered":"https:\/\/cdnoticias.com\/?p=125955"},"modified":"2024-09-19T19:30:31","modified_gmt":"2024-09-19T22:30:31","slug":"reunion-entre-el-municipio-y-arba-para-lograr-mayor-eficiencia-en-la-gestion","status":"publish","type":"post","link":"https:\/\/cdnoticias.com\/index.php\/2024\/09\/19\/reunion-entre-el-municipio-y-arba-para-lograr-mayor-eficiencia-en-la-gestion\/","title":{"rendered":"Reuni\u00f3n entre el Municipio y ARBA para \u201clograr mayor eficiencia\u201d en la gesti\u00f3n"},"content":{"rendered":"\n<p>El titular de la Agencia Cristian Girard estuvo en Olavarr\u00eda. Buscan \u201cuna fiscalizaci\u00f3n m\u00e1s inteligente\u201d y llevar adelante controles conjuntos.<\/p>\n\n\n\n<hr class=\"wp-block-separator aligncenter has-alpha-channel-opacity\"\/>\n\n\n\n<p>Tras una reuni\u00f3n de m\u00e1s de dos horas entre los equipos de trabajo,<strong> el intendente Maximiliano Wesner y el director de la Agencia de Recaudaci\u00f3n de la provincia de Buenos Aires, Cristian Girard confirmaron la conformaci\u00f3n de una mesa de trabajo para <em>\u201cprofundizar el v\u00ednculo con ARBA, de manera de fortalecer la administraci\u00f3n tributaria y lograr mayor eficiencia en la gesti\u00f3n\u201d.<\/em><\/strong><\/p>\n\n\n\n<p><strong>El encuentro tuvo lugar en la sala de reuniones del Palacio Municipal San Mart\u00edn<\/strong>, en donde participaron los equipos t\u00e9cnicos de ambos organismos y se estableci\u00f3 <em>\u201cel compromiso rec\u00edproco de avanzar con m\u00e1s herramientas para ser m\u00e1s eficientes\u201d.<\/em><\/p>\n\n\n\n<p>Tras el encuentro, el responsable de ARBA Cristian Girart destac\u00f3 que<em> \u201cla cooperaci\u00f3n con el municipio permitir\u00e1 poner en pr\u00e1ctica una fiscalizaci\u00f3n m\u00e1s inteligente, contribuyendo a formalizar la econom\u00eda y dinamizar los recursos p\u00fablicos, que son fundamentales para que el Estado pueda seguir consolidando las pol\u00edticas activas de desarrollo e inclusi\u00f3n\u201d.<\/em><\/p>\n\n\n\n<p>Por su parte, el Intendente Wesner resalt\u00f3 que este<em><strong> \u201cacuerdo incluyen la realizaci\u00f3n de controles conjuntos, fiscalizaci\u00f3n del transporte de mercader\u00edas en rutas y otras acciones. Tambi\u00e9n comprenden el intercambio de datos catastrales e impositivos, capacitaci\u00f3n y una agenda com\u00fan para mejorar servicios y lograr mayor eficiencia en la gesti\u00f3n tributaria\u201d.<\/strong><\/em><\/p>\n\n\n\n<p>El Intendente Wesner fue acompa\u00f1ado por la Secretar\u00eda de Econom\u00eda y Hacienda, Eugenia Bezzoni y la Directora de Ingresos P\u00fablicos Manuela Olivan en tanto que desde Provincia tambi\u00e9n particip\u00f3 el subdirector de Acciones Territoriales y Servicios Gaspar Spiritoso.<\/p>\n","protected":false},"excerpt":{"rendered":"<p>El titular de la Agencia Cristian Girard estuvo en Olavarr\u00eda. Buscan \u201cuna fiscalizaci\u00f3n m\u00e1s inteligente\u201d y llevar adelante controles conjuntos.<\/p>\n","protected":false},"author":2,"featured_media":125941,"comment_status":"closed","ping_status":"closed","sticky":false,"template":"","format":"standard","meta":{"_jetpack_memberships_contains_paid_content":false,"footnotes":""},"categories":[4,1],"tags":[],"class_list":["post-125955","post","type-post","status-publish","format-standard","has-post-thumbnail","hentry","category-politica","category-portada"],"jetpack_featured_media_url":"https:\/\/i0.wp.com\/cdnoticias.com\/wp-content\/uploads\/2024\/09\/girard-arba-olavarria1.jpg?fit=1072%2C597&ssl=1","jetpack_sharing_enabled":true,"_links":{"self":[{"href":"https:\/\/cdnoticias.com\/index.php\/wp-json\/wp\/v2\/posts\/125955","targetHints":{"allow":["GET"]}}],"collection":[{"href":"https:\/\/cdnoticias.com\/index.php\/wp-json\/wp\/v2\/posts"}],"about":[{"href":"https:\/\/cdnoticias.com\/index.php\/wp-json\/wp\/v2\/types\/post"}],"author":[{"embeddable":true,"href":"https:\/\/cdnoticias.com\/index.php\/wp-json\/wp\/v2\/users\/2"}],"replies":[{"embeddable":true,"href":"https:\/\/cdnoticias.com\/index.php\/wp-json\/wp\/v2\/comments?post=125955"}],"version-history":[{"count":0,"href":"https:\/\/cdnoticias.com\/index.php\/wp-json\/wp\/v2\/posts\/125955\/revisions"}],"wp:featuredmedia":[{"embeddable":true,"href":"https:\/\/cdnoticias.com\/index.php\/wp-json\/wp\/v2\/media\/125941"}],"wp:attachment":[{"href":"https:\/\/cdnoticias.com\/index.php\/wp-json\/wp\/v2\/media?parent=125955"}],"wp:term":[{"taxonomy":"category","embeddable":true,"href":"https:\/\/cdnoticias.com\/index.php\/wp-json\/wp\/v2\/categories?post=125955"},{"taxonomy":"post_tag","embeddable":true,"href":"https:\/\/cdnoticias.com\/index.php\/wp-json\/wp\/v2\/tags?post=125955"}],"curies":[{"name":"wp","href":"https:\/\/api.w.org\/{rel}","templated":true}]}}