{"id":125949,"date":"2024-09-20T10:33:57","date_gmt":"2024-09-20T13:33:57","guid":{"rendered":"https:\/\/cdnoticias.com\/?p=125949"},"modified":"2024-09-20T12:09:55","modified_gmt":"2024-09-20T15:09:55","slug":"la-ucr-solicita-informacion-sobre-la-nueva-concesion-del-cementerio-loma-de-paz","status":"publish","type":"post","link":"https:\/\/cdnoticias.com\/index.php\/2024\/09\/20\/la-ucr-solicita-informacion-sobre-la-nueva-concesion-del-cementerio-loma-de-paz\/","title":{"rendered":"La UCR solicita informaci\u00f3n sobre la nueva concesi\u00f3n del Cementerio Loma de Paz"},"content":{"rendered":"\n<p>Lo hizo a trav\u00e9s de un Pedido de Informe que fue aprobado durante la 12\u00b0 Sesi\u00f3n Ordinaria del HCD.<\/p>\n\n\n\n<hr class=\"wp-block-separator aligncenter has-alpha-channel-opacity\"\/>\n\n\n\n<p>El <strong>bloque de concejales de la Uni\u00f3n C\u00edvica Radical <\/strong>solicit\u00f3 al Departamento Ejecutivo Municipal <strong>informaci\u00f3n sobre la nueva concesi\u00f3n del Cementerio Loma de Paz<\/strong> a cargo de la cooperativa \u201cManos a la Obra\u201d. Lo hizo a trav\u00e9s de un Pedido de Informe que fue aprobado durante la <a href=\"https:\/\/cdnoticias.com\/index.php\/2024\/09\/12\/todos-los-proyectos-tratados-en-la-duodecima-sesion-ordinaria\/\" data-type=\"post\" data-id=\"125231\" target=\"_blank\" rel=\"noreferrer noopener\">12\u00aa Sesi\u00f3n Ordinaria del Honorable Concejo Deliberante.<\/a><\/p>\n\n\n\n<p><\/p>\n\n\n\n<p>Mediante esta iniciativa, los ediles<strong> Sebasti\u00e1n Matrella y Francisco Gonz\u00e1lez <\/strong>pidieron detalles sobre el proceso administrativo y legal que llev\u00f3 a <a href=\"https:\/\/cdnoticias.com\/index.php\/2024\/08\/30\/el-cementerio-loma-de-paz-pasa-de-malvinas-a-la-cooperativa-manos-a-la-obra\/\" data-type=\"post\" data-id=\"124226\" target=\"_blank\" rel=\"noreferrer noopener\">otorgarle el mantenimiento de este sector a esta entidad<\/a>, como as\u00ed tambi\u00e9n los motivos por los cuales se decidi\u00f3 no realizar un llamado a licitaci\u00f3n p\u00fablica para su concesi\u00f3n como habitualmente se hace en estos casos.<\/p>\n\n\n\n<p><\/p>\n\n\n\n<blockquote class=\"wp-block-quote is-layout-flow wp-block-quote-is-layout-flow\">\n<p>Tambi\u00e9n exigen datos acerca de la capacidad y experiencia de la cooperativa \u201cManos a la Obra\u201d en la gesti\u00f3n de servicios similares y las medidas tomadas para garantizar la continuidad y calidad del Servicio del Cementerio Loma de Paz bajo la nueva concesi\u00f3n.<\/p>\n<\/blockquote>\n\n\n\n<p><\/p>\n\n\n\n<p>Al respecto, Matrella indic\u00f3 que <strong><em>\u201cdurante la Sesi\u00f3n Ordinaria pasada se aprob\u00f3 un Pedido de Informe presentado por el bloque para saber por qu\u00e9 el mantenimiento del Cementerio Loma de Paz fue por contrataci\u00f3n directa y no se hizo un llamado a licitaci\u00f3n como&nbsp; ven\u00eda ocurriendo\u201d.<\/em><\/strong><\/p>\n\n\n\n<p><\/p>\n\n\n\n<p>En esta misma l\u00ednea, se\u00f1al\u00f3: \u201cEl mantenimiento lo har\u00e1 la cooperativa Manos a la Obra y entre otras cosas queremos saber <strong>si los empleados del Cementerio Loma de Paz van a estar en relaci\u00f3n de dependencia o como monotributistas<\/strong>, porque estamos notando que el Ejecutivo no est\u00e1 tomando en cuenta a estos trabajadores cuando renueva los contratos y<strong> se termina precarizando su trabajo, ya sea ganando menos sueldo o qued\u00e1ndose sin obra social<\/strong> como sucedi\u00f3 con los empleados del Programa GIRO y del Sistema de Estacionamiento Medido\u201d.<\/p>\n\n\n\n<p><\/p>\n","protected":false},"excerpt":{"rendered":"<p>Lo hizo a trav\u00e9s de un Pedido de Informe que fue aprobado durante la 12\u00b0 Sesi\u00f3n Ordinaria del HCD. El<\/p>\n","protected":false},"author":6,"featured_media":105421,"comment_status":"closed","ping_status":"closed","sticky":false,"template":"","format":"standard","meta":{"_jetpack_memberships_contains_paid_content":false,"footnotes":""},"categories":[4,1],"tags":[],"class_list":["post-125949","post","type-post","status-publish","format-standard","has-post-thumbnail","hentry","category-politica","category-portada"],"jetpack_featured_media_url":"https:\/\/i0.wp.com\/cdnoticias.com\/wp-content\/uploads\/2023\/12\/HCD-UCR-matrella-02.jpg?fit=1200%2C668&ssl=1","jetpack_sharing_enabled":true,"_links":{"self":[{"href":"https:\/\/cdnoticias.com\/index.php\/wp-json\/wp\/v2\/posts\/125949","targetHints":{"allow":["GET"]}}],"collection":[{"href":"https:\/\/cdnoticias.com\/index.php\/wp-json\/wp\/v2\/posts"}],"about":[{"href":"https:\/\/cdnoticias.com\/index.php\/wp-json\/wp\/v2\/types\/post"}],"author":[{"embeddable":true,"href":"https:\/\/cdnoticias.com\/index.php\/wp-json\/wp\/v2\/users\/6"}],"replies":[{"embeddable":true,"href":"https:\/\/cdnoticias.com\/index.php\/wp-json\/wp\/v2\/comments?post=125949"}],"version-history":[{"count":0,"href":"https:\/\/cdnoticias.com\/index.php\/wp-json\/wp\/v2\/posts\/125949\/revisions"}],"wp:featuredmedia":[{"embeddable":true,"href":"https:\/\/cdnoticias.com\/index.php\/wp-json\/wp\/v2\/media\/105421"}],"wp:attachment":[{"href":"https:\/\/cdnoticias.com\/index.php\/wp-json\/wp\/v2\/media?parent=125949"}],"wp:term":[{"taxonomy":"category","embeddable":true,"href":"https:\/\/cdnoticias.com\/index.php\/wp-json\/wp\/v2\/categories?post=125949"},{"taxonomy":"post_tag","embeddable":true,"href":"https:\/\/cdnoticias.com\/index.php\/wp-json\/wp\/v2\/tags?post=125949"}],"curies":[{"name":"wp","href":"https:\/\/api.w.org\/{rel}","templated":true}]}}