{"id":125947,"date":"2024-09-19T18:55:43","date_gmt":"2024-09-19T21:55:43","guid":{"rendered":"https:\/\/cdnoticias.com\/?p=125947"},"modified":"2024-09-19T20:01:32","modified_gmt":"2024-09-19T23:01:32","slug":"presupuesto-2025-estamos-tratando-de-modificar-el-armado-a-como-se-realizaba","status":"publish","type":"post","link":"https:\/\/cdnoticias.com\/index.php\/2024\/09\/19\/presupuesto-2025-estamos-tratando-de-modificar-el-armado-a-como-se-realizaba\/","title":{"rendered":"Presupuesto 2025: \u201cestamos tratando de modificar el armado a c\u00f3mo se realizaba\u201d"},"content":{"rendered":"\n<p>El intendente Wesner confirm\u00f3 que ya se trabaja en la confecci\u00f3n del Presupuesto que deber\u00e1 presentarse antes del 31 de octubre. Anticip\u00f3 que adem\u00e1s de \u201cla mirada e impronta de la gesti\u00f3n\u201d contemplar\u00e1n \u201cla proyecci\u00f3n de las principales empresas del sector minero\u201d.<\/p>\n\n\n\n<hr class=\"wp-block-separator aligncenter has-alpha-channel-opacity\"\/>\n\n\n\n<p>En el marco de la reuni\u00f3n entre el titular de ARBA, Cristian Girard y el intendente Maximiliano Wesner, <strong>el jefe comunal confirm\u00f3, ante la consulta en conferencia de prensa, que se est\u00e1 trabajando en el armado del Presupuesto 2025, que deber\u00e1 presentarse antes del 31 de octubre en el Concejo Deliberante.<\/strong><\/p>\n\n\n\n<p>Mencion\u00f3, tras confirmar la novedad, que se trabaja <em>\u201ccon Eugenia (Bezzoni), Manuela (Oliv\u00e1n) Carla () que es la directora de Presupuesto, con todas las \u00e1reas, con todas las secretar\u00edas, ya hemos mantenido reuniones con algunos par\u00e1metros en funci\u00f3n del armado\u201d.<\/em><\/p>\n\n\n\n<p>En este sentido, confirm\u00f3 que \u201c<em><strong>estamos tratando de modificar el armado a c\u00f3mo se realizaba a\u00f1o tras a\u00f1o, algunas cuestiones que tienen que ver con la mirada e impronta de la gesti\u00f3n y con las pautas obviamente\u201d <\/strong><\/em>dado que<em> \u201cya hubo palabras del presidente en funci\u00f3n del tipo de cambio y una inflaci\u00f3n esperada para el 2025\u201d.<\/em><\/p>\n\n\n\n<p>Tambi\u00e9n esperar\u00e1n la confecci\u00f3n del Presupuesto de la Provincia en funci\u00f3n de los ingresos que pueden llegar por la Coparticipaci\u00f3n. Otra de las novedades es que una de las variables a tener en cuenta es<em><strong> \u201cla proyecci\u00f3n que tienen las principales empresas del sector minero: Loma Negra, Cemento Avellaneda y tambi\u00e9n en las de Coparticipaci\u00f3n por parte de la provincia en materia de ingreso\u201d.<\/strong><\/em><\/p>\n\n\n\n<p>Cabe recordar que <strong>el Presupuesto deber\u00e1 enviarse al Concejo Deliberante antes del 31 de octubre, y los concejales tendr\u00e1n hasta el 31 de diciembre para analizarlo en comisiones y tratarlo en el recinto.<\/strong><\/p>\n","protected":false},"excerpt":{"rendered":"<p>El intendente Wesner confirm\u00f3 que ya se trabaja en la confecci\u00f3n del Presupuesto que deber\u00e1 presentarse antes del 31 de<\/p>\n","protected":false},"author":2,"featured_media":125942,"comment_status":"closed","ping_status":"closed","sticky":false,"template":"","format":"standard","meta":{"_jetpack_memberships_contains_paid_content":false,"footnotes":""},"categories":[4,1],"tags":[],"class_list":["post-125947","post","type-post","status-publish","format-standard","has-post-thumbnail","hentry","category-politica","category-portada"],"jetpack_featured_media_url":"https:\/\/i0.wp.com\/cdnoticias.com\/wp-content\/uploads\/2024\/09\/girard-arba-olavarria2.jpg?fit=1072%2C597&ssl=1","jetpack_sharing_enabled":true,"_links":{"self":[{"href":"https:\/\/cdnoticias.com\/index.php\/wp-json\/wp\/v2\/posts\/125947","targetHints":{"allow":["GET"]}}],"collection":[{"href":"https:\/\/cdnoticias.com\/index.php\/wp-json\/wp\/v2\/posts"}],"about":[{"href":"https:\/\/cdnoticias.com\/index.php\/wp-json\/wp\/v2\/types\/post"}],"author":[{"embeddable":true,"href":"https:\/\/cdnoticias.com\/index.php\/wp-json\/wp\/v2\/users\/2"}],"replies":[{"embeddable":true,"href":"https:\/\/cdnoticias.com\/index.php\/wp-json\/wp\/v2\/comments?post=125947"}],"version-history":[{"count":0,"href":"https:\/\/cdnoticias.com\/index.php\/wp-json\/wp\/v2\/posts\/125947\/revisions"}],"wp:featuredmedia":[{"embeddable":true,"href":"https:\/\/cdnoticias.com\/index.php\/wp-json\/wp\/v2\/media\/125942"}],"wp:attachment":[{"href":"https:\/\/cdnoticias.com\/index.php\/wp-json\/wp\/v2\/media?parent=125947"}],"wp:term":[{"taxonomy":"category","embeddable":true,"href":"https:\/\/cdnoticias.com\/index.php\/wp-json\/wp\/v2\/categories?post=125947"},{"taxonomy":"post_tag","embeddable":true,"href":"https:\/\/cdnoticias.com\/index.php\/wp-json\/wp\/v2\/tags?post=125947"}],"curies":[{"name":"wp","href":"https:\/\/api.w.org\/{rel}","templated":true}]}}