{"id":125898,"date":"2024-09-19T10:03:16","date_gmt":"2024-09-19T13:03:16","guid":{"rendered":"https:\/\/cdnoticias.com\/?p=125898"},"modified":"2024-09-19T17:09:03","modified_gmt":"2024-09-19T20:09:03","slug":"la-concejal-casamayor-explico-su-salida-del-bloque-lla","status":"publish","type":"post","link":"https:\/\/cdnoticias.com\/index.php\/2024\/09\/19\/la-concejal-casamayor-explico-su-salida-del-bloque-lla\/","title":{"rendered":"La concejal Casamayor explic\u00f3 su salida del bloque LLA"},"content":{"rendered":"<p>Al confirmar la novedad que trascendi\u00f3 este mi\u00e9rcoles afirm\u00f3 que no se sent\u00eda \u201ccon la libertad de trabajar alineada a sus ideales y valores\u201d. El unibloque se llama Cimientos de Libertad.<!--more--><\/p>\n<hr \/>\n<p>La<strong> concejal Adela Casamayor<\/strong> se expres\u00f3 a trav\u00e9s de un comunicado en el que <a href=\"https:\/\/cdnoticias.com\/index.php\/2024\/09\/18\/la-libertad-avanza-volvera-a-quebrarse-en-el-hcd\/\" target=\"_blank\" rel=\"noopener\">confirm\u00f3 lo que<strong> Central de Noticias<\/strong> adelant\u00f3 este mi\u00e9rcoles<\/a>: <strong>dej\u00f3 el bloque de La Libertad Avanza (Ahora Olavarr\u00eda)<\/strong> y conform\u00f3 un espacio propio dentro del HCD local.<\/p>\n<p>El nuevo unibloque se llama<strong> Cimientos de Libertad<\/strong>, <em>Casamayor es la presidenta y ya tiene formalizada la designaci\u00f3n de un secretario.<\/em><\/p>\n<figure id=\"attachment_108328\" aria-describedby=\"caption-attachment-108328\" style=\"width: 1000px\" class=\"wp-caption aligncenter\"><img data-recalc-dims=\"1\" loading=\"lazy\" decoding=\"async\" class=\"wp-image-108328 size-full\" src=\"https:\/\/i0.wp.com\/cdnoticias.com\/wp-content\/uploads\/2024\/02\/HCD-maria-adela-casamayor-marcelo-pethes.jpg?resize=800%2C445&#038;ssl=1\" alt=\"\" width=\"800\" height=\"445\" srcset=\"https:\/\/i0.wp.com\/cdnoticias.com\/wp-content\/uploads\/2024\/02\/HCD-maria-adela-casamayor-marcelo-pethes.jpg?w=1000&amp;ssl=1 1000w, https:\/\/i0.wp.com\/cdnoticias.com\/wp-content\/uploads\/2024\/02\/HCD-maria-adela-casamayor-marcelo-pethes.jpg?resize=300%2C167&amp;ssl=1 300w, https:\/\/i0.wp.com\/cdnoticias.com\/wp-content\/uploads\/2024\/02\/HCD-maria-adela-casamayor-marcelo-pethes.jpg?resize=768%2C427&amp;ssl=1 768w, https:\/\/i0.wp.com\/cdnoticias.com\/wp-content\/uploads\/2024\/02\/HCD-maria-adela-casamayor-marcelo-pethes.jpg?resize=800%2C445&amp;ssl=1 800w\" sizes=\"auto, (max-width: 800px) 100vw, 800px\" \/><figcaption id=\"caption-attachment-108328\" class=\"wp-caption-text\">Adela Casamayor y Marcelo Petehs, los dos rompieron con la bancada de La Libertad Avanza y formaron sendos unibloques en el HCD local.<\/figcaption><\/figure>\n<blockquote><p>En el comunicado se explic\u00f3 la salida del bloque libertario: \u201cla concejal Mar\u00eda Adela Casamayor, hoy presidente de nuestro bloque, comunica su salida del bloque Ahora Olavarr\u00eda, por no sentirse con la libertad de trabajar alineada a sus ideales y valores, basadas en el liberalismo, ideas que no estaban en concordancia seg\u00fan su criterio con el bloque\u201d.<\/p><\/blockquote>\n<p>Tras informar la denominaci\u00f3n de la nueva bancada tambi\u00e9n se indic\u00f3 que<strong> \u201ces un espacio alineado a LLA, la libertad es nuestra bandera\u201d<\/strong>. De esta manera tambi\u00e9n se confirm\u00f3 otro de los adelantos de <strong>Central de Noticias<\/strong> acerca de que si bien la concejal decidi\u00f3 la ruptura en el Legislativo local, eso <strong>no implic\u00f3 cambios en su adhesi\u00f3n al sector libertario.<\/strong><\/p>\n","protected":false},"excerpt":{"rendered":"<p>Al confirmar la novedad que trascendi\u00f3 este mi\u00e9rcoles afirm\u00f3 que no se sent\u00eda \u201ccon la libertad de trabajar alineada a<\/p>\n","protected":false},"author":4,"featured_media":116830,"comment_status":"closed","ping_status":"closed","sticky":false,"template":"","format":"standard","meta":{"_jetpack_memberships_contains_paid_content":false,"footnotes":""},"categories":[4,1],"tags":[],"class_list":["post-125898","post","type-post","status-publish","format-standard","has-post-thumbnail","hentry","category-politica","category-portada"],"jetpack_featured_media_url":"https:\/\/i0.wp.com\/cdnoticias.com\/wp-content\/uploads\/2024\/05\/HCD-adela-casamayor.jpg?fit=1000%2C556&ssl=1","jetpack_sharing_enabled":true,"_links":{"self":[{"href":"https:\/\/cdnoticias.com\/index.php\/wp-json\/wp\/v2\/posts\/125898","targetHints":{"allow":["GET"]}}],"collection":[{"href":"https:\/\/cdnoticias.com\/index.php\/wp-json\/wp\/v2\/posts"}],"about":[{"href":"https:\/\/cdnoticias.com\/index.php\/wp-json\/wp\/v2\/types\/post"}],"author":[{"embeddable":true,"href":"https:\/\/cdnoticias.com\/index.php\/wp-json\/wp\/v2\/users\/4"}],"replies":[{"embeddable":true,"href":"https:\/\/cdnoticias.com\/index.php\/wp-json\/wp\/v2\/comments?post=125898"}],"version-history":[{"count":0,"href":"https:\/\/cdnoticias.com\/index.php\/wp-json\/wp\/v2\/posts\/125898\/revisions"}],"wp:featuredmedia":[{"embeddable":true,"href":"https:\/\/cdnoticias.com\/index.php\/wp-json\/wp\/v2\/media\/116830"}],"wp:attachment":[{"href":"https:\/\/cdnoticias.com\/index.php\/wp-json\/wp\/v2\/media?parent=125898"}],"wp:term":[{"taxonomy":"category","embeddable":true,"href":"https:\/\/cdnoticias.com\/index.php\/wp-json\/wp\/v2\/categories?post=125898"},{"taxonomy":"post_tag","embeddable":true,"href":"https:\/\/cdnoticias.com\/index.php\/wp-json\/wp\/v2\/tags?post=125898"}],"curies":[{"name":"wp","href":"https:\/\/api.w.org\/{rel}","templated":true}]}}