{"id":125892,"date":"2024-09-19T09:18:31","date_gmt":"2024-09-19T12:18:31","guid":{"rendered":"https:\/\/cdnoticias.com\/?p=125892"},"modified":"2024-09-19T10:03:42","modified_gmt":"2024-09-19T13:03:42","slug":"el-director-de-arba-estara-en-olavarria","status":"publish","type":"post","link":"https:\/\/cdnoticias.com\/index.php\/2024\/09\/19\/el-director-de-arba-estara-en-olavarria\/","title":{"rendered":"El director de ARBA estar\u00e1 en Olavarr\u00eda"},"content":{"rendered":"<p>La visita de Cristian Girard se har\u00e1 este jueves y tiene previstas reuniones y firma de convenios. Se anunci\u00f3 una conferencia con el intendente Maximiliano Wesner.<br \/>\n<!--more--><\/p>\n<hr \/>\n<p>Este jueves <strong>estar\u00e1 en Olavarr\u00eda<\/strong> el <strong>director ejecutivo de la Agencia de Recaudaci\u00f3n<\/strong> de la provincia de Buenos Aires (ARBA),<strong> Cristian Girard.<\/strong><\/p>\n<p>El funcionario provincial <strong>se reunir\u00e1 con el intendente Maximiliano Wesner<\/strong> y se anunci\u00f3 que ambos brindar\u00e1n una<strong> conferencia<\/strong> por la tarde en el Palacio Municipal.<\/p>\n<p><strong>Central de Noticias<\/strong> pudo confirmar que la actividad de Girard en la ciudad incluye distintas actividades, entre <strong>reuniones y firma de convenios, as\u00ed como tareas vinculadas a gesti\u00f3n y la fiscalizaci\u00f3n<\/strong> que lleva adelante la Agencia.<\/p>\n","protected":false},"excerpt":{"rendered":"<p>La visita de Cristian Girard se har\u00e1 este jueves y tiene previstas reuniones y firma de convenios. Se anunci\u00f3 una<\/p>\n","protected":false},"author":4,"featured_media":98291,"comment_status":"closed","ping_status":"closed","sticky":false,"template":"","format":"standard","meta":{"_jetpack_memberships_contains_paid_content":false,"footnotes":""},"categories":[4,1],"tags":[],"class_list":["post-125892","post","type-post","status-publish","format-standard","has-post-thumbnail","hentry","category-politica","category-portada"],"jetpack_featured_media_url":"https:\/\/i0.wp.com\/cdnoticias.com\/wp-content\/uploads\/2023\/10\/Cristian-Girard-00.jpg?fit=800%2C445&ssl=1","jetpack_sharing_enabled":true,"_links":{"self":[{"href":"https:\/\/cdnoticias.com\/index.php\/wp-json\/wp\/v2\/posts\/125892","targetHints":{"allow":["GET"]}}],"collection":[{"href":"https:\/\/cdnoticias.com\/index.php\/wp-json\/wp\/v2\/posts"}],"about":[{"href":"https:\/\/cdnoticias.com\/index.php\/wp-json\/wp\/v2\/types\/post"}],"author":[{"embeddable":true,"href":"https:\/\/cdnoticias.com\/index.php\/wp-json\/wp\/v2\/users\/4"}],"replies":[{"embeddable":true,"href":"https:\/\/cdnoticias.com\/index.php\/wp-json\/wp\/v2\/comments?post=125892"}],"version-history":[{"count":0,"href":"https:\/\/cdnoticias.com\/index.php\/wp-json\/wp\/v2\/posts\/125892\/revisions"}],"wp:featuredmedia":[{"embeddable":true,"href":"https:\/\/cdnoticias.com\/index.php\/wp-json\/wp\/v2\/media\/98291"}],"wp:attachment":[{"href":"https:\/\/cdnoticias.com\/index.php\/wp-json\/wp\/v2\/media?parent=125892"}],"wp:term":[{"taxonomy":"category","embeddable":true,"href":"https:\/\/cdnoticias.com\/index.php\/wp-json\/wp\/v2\/categories?post=125892"},{"taxonomy":"post_tag","embeddable":true,"href":"https:\/\/cdnoticias.com\/index.php\/wp-json\/wp\/v2\/tags?post=125892"}],"curies":[{"name":"wp","href":"https:\/\/api.w.org\/{rel}","templated":true}]}}