{"id":125867,"date":"2024-09-18T20:46:21","date_gmt":"2024-09-18T23:46:21","guid":{"rendered":"https:\/\/cdnoticias.com\/?p=125867"},"modified":"2024-09-18T20:46:23","modified_gmt":"2024-09-18T23:46:23","slug":"nueva-edicion-de-mercados-bonaerenses-con-productores-locales","status":"publish","type":"post","link":"https:\/\/cdnoticias.com\/index.php\/2024\/09\/18\/nueva-edicion-de-mercados-bonaerenses-con-productores-locales\/","title":{"rendered":"Nueva edici\u00f3n de Mercados Bonaerenses con productores locales"},"content":{"rendered":"\n<p>Ser\u00e1 este s\u00e1bado en el Parque Helios Eseverri. Habr\u00e1 puestos con 40% de descuento utilizando Cuenta DNI.<\/p>\n\n\n\n<hr class=\"wp-block-separator aligncenter has-alpha-channel-opacity\"\/>\n\n\n\n<p>Este <strong>s\u00e1bado 21 de septiembre <\/strong>se llevar\u00e1 a cabo una <strong>nueva edici\u00f3n de Mercados Bonaerenses, de 10 a 14 horas,<\/strong> en el <strong>Parque Helios Eseverri <\/strong>precisamente en avenida Trabajadores y Alsina.<\/p>\n\n\n\n<p><\/p>\n\n\n\n<p>La feria contar\u00e1 con la <strong>participaci\u00f3n de productores locales<\/strong> entre los cuales se podr\u00e1n encontrar elaboraciones como: panificados dulces y salados, bebidas, quesos, plantas y plantines, miel, verduras y productos sin tacc, alfajores artesanales.<\/p>\n\n\n\n<p><\/p>\n\n\n\n<p>A continuaci\u00f3n se detallan <strong>los productores locales que tendr\u00e1n descuento del 40% con Cuenta DNI:<\/strong> Trinchera (Vermut Artesanal), La Mar\u00eda (Pasteles), Huil\u00e9n Sabores Nuestros, Ricuras (panificados dulces), Nah\u00ed (quesos artesanales), Jengibre (productos sin TACC), Elaboraciones Marit\u00e9 (panificados dulces y salados), Del Fondo (cervecer\u00eda) y Catriel (alfajores artesanales).<\/p>\n\n\n\n<p><\/p>\n\n\n\n<blockquote class=\"wp-block-quote is-layout-flow wp-block-quote-is-layout-flow\">\n<p>Es importante aclarar que en dicha oportunidad no estar\u00e1n presentes los camiones de pastas, l\u00e1cteos y pescados. Se solicita a los asistentes llevar bolsas para sus compras.<\/p>\n<\/blockquote>\n\n\n\n<p><\/p>\n\n\n\n<p>El Programa \u201cMercados Bonaerenses\u201d pertenece al Ministerio de Desarrollo Agrario de la Provincia de Buenos Aires, promociona la producci\u00f3n y el consumo de Alimentos Bonaerenses acercando a productores, productoras, consumidores y consumidoras a trav\u00e9s de una red de ferias y mercados en toda la provincia.<\/p>\n","protected":false},"excerpt":{"rendered":"<p>Ser\u00e1 este s\u00e1bado en el Parque Helios Eseverri. Habr\u00e1 puestos con 40% de descuento utilizando Cuenta DNI. Este s\u00e1bado 21<\/p>\n","protected":false},"author":6,"featured_media":111506,"comment_status":"closed","ping_status":"closed","sticky":false,"template":"","format":"standard","meta":{"_jetpack_memberships_contains_paid_content":false,"footnotes":""},"categories":[5,1],"tags":[],"class_list":["post-125867","post","type-post","status-publish","format-standard","has-post-thumbnail","hentry","category-informacion-general","category-portada"],"jetpack_featured_media_url":"https:\/\/i0.wp.com\/cdnoticias.com\/wp-content\/uploads\/2024\/03\/mercados-bonaerenses.jpg?fit=1000%2C665&ssl=1","jetpack_sharing_enabled":true,"_links":{"self":[{"href":"https:\/\/cdnoticias.com\/index.php\/wp-json\/wp\/v2\/posts\/125867","targetHints":{"allow":["GET"]}}],"collection":[{"href":"https:\/\/cdnoticias.com\/index.php\/wp-json\/wp\/v2\/posts"}],"about":[{"href":"https:\/\/cdnoticias.com\/index.php\/wp-json\/wp\/v2\/types\/post"}],"author":[{"embeddable":true,"href":"https:\/\/cdnoticias.com\/index.php\/wp-json\/wp\/v2\/users\/6"}],"replies":[{"embeddable":true,"href":"https:\/\/cdnoticias.com\/index.php\/wp-json\/wp\/v2\/comments?post=125867"}],"version-history":[{"count":0,"href":"https:\/\/cdnoticias.com\/index.php\/wp-json\/wp\/v2\/posts\/125867\/revisions"}],"wp:featuredmedia":[{"embeddable":true,"href":"https:\/\/cdnoticias.com\/index.php\/wp-json\/wp\/v2\/media\/111506"}],"wp:attachment":[{"href":"https:\/\/cdnoticias.com\/index.php\/wp-json\/wp\/v2\/media?parent=125867"}],"wp:term":[{"taxonomy":"category","embeddable":true,"href":"https:\/\/cdnoticias.com\/index.php\/wp-json\/wp\/v2\/categories?post=125867"},{"taxonomy":"post_tag","embeddable":true,"href":"https:\/\/cdnoticias.com\/index.php\/wp-json\/wp\/v2\/tags?post=125867"}],"curies":[{"name":"wp","href":"https:\/\/api.w.org\/{rel}","templated":true}]}}