{"id":125857,"date":"2024-09-18T18:07:30","date_gmt":"2024-09-18T21:07:30","guid":{"rendered":"https:\/\/cdnoticias.com\/?p=125857"},"modified":"2024-09-18T18:07:32","modified_gmt":"2024-09-18T21:07:32","slug":"juventud-radical-se-aprobo-en-el-hcd-el-proyecto-puntos-violetas","status":"publish","type":"post","link":"https:\/\/cdnoticias.com\/index.php\/2024\/09\/18\/juventud-radical-se-aprobo-en-el-hcd-el-proyecto-puntos-violetas\/","title":{"rendered":"Juventud Radical: Se aprob\u00f3 en el HCD el proyecto \u201cPuntos Violetas\u201d"},"content":{"rendered":"\n<p>Se trata de una iniciativa que est\u00e1 vinculada con la prevenci\u00f3n de la violencia de g\u00e9nero y propone el establecimiento de Puntos Violetas en festejos barriales, ferias de artesanos y gastron\u00f3micas, paseos de la ciudad, espect\u00e1culos y todo evento de concurrencia masiva.<\/p>\n\n\n\n<hr class=\"wp-block-separator aligncenter has-alpha-channel-opacity\"\/>\n\n\n\n<p>Durante la 12\u00b0 Sesi\u00f3n Ordinaria del Honorable Concejo Deliberante,<strong> se aprob\u00f3 por unanimidad<\/strong> un Proyecto de Resoluci\u00f3n <strong>presentado en 2023 por la Juventud Radical de Olavarr\u00eda.<\/strong> Se trata de una<strong> iniciativa llamada Puntos Violetas<\/strong> que est\u00e1 <strong>vinculada con la prevenci\u00f3n de la violencia de g\u00e9nero.<\/strong> <\/p>\n\n\n\n<p><\/p>\n\n\n\n<p>La propuesta encomienda al Departamento Ejecutivo Municipal, a trav\u00e9s de la Direcci\u00f3n de Mujeres, G\u00e9nero y Diversidad, el <strong>establecimiento de Puntos Violetas en festejos barriales, ferias de artesanos y gastron\u00f3micas, paseos de la ciudad, espect\u00e1culos y todo evento de concurrencia masiva <\/strong>que se desarrolle en el Partido y sea organizado o coordinado por el Municipio o de forma privada.<\/p>\n\n\n\n<p><\/p>\n\n\n\n<blockquote class=\"wp-block-quote is-layout-flow wp-block-quote-is-layout-flow\">\n<p>La propuesta tiene como objetivo la contenci\u00f3n, atenci\u00f3n y promoci\u00f3n de derechos ante situaciones de violencia o acoso para mujeres y disidencias. Adem\u00e1s, constituyen un marco seguro de escucha y asesoramiento.<\/p>\n<\/blockquote>\n\n\n\n<p><\/p>\n\n\n\n<p>En este sentido, la <strong>presidenta de la Juventud Radical local, Victoria Torino<\/strong>, manifest\u00f3 que <strong><em>\u201cson espacios de atenci\u00f3n, informaci\u00f3n y ayuda ante cualquier tipo de violencia contra la mujer, que sensibiliza y visibiliza estas situaciones en encuentros masivos\u201d.<\/em><\/strong><\/p>\n\n\n\n<p><\/p>\n\n\n\n<p><em>\u201cEntendemos y somos conscientes de la importancia de la confidencialidad en estos casos, pero apuntamos a que si se sienten violentadas en el lugar cuenten con un espacio para poder denunciar y que se active el debido protocolo para no resultar revictimizada\u201d<\/em> agreg\u00f3.<\/p>\n\n\n\n<p><\/p>\n\n\n\n<p>Por \u00faltimo sostuvo: \u201cNo solo buscamos espacios de difusi\u00f3n y promoci\u00f3n como los que llevan a cabo, que si bien entendemos su importancia, debemos complementarlos con espacios que est\u00e9n listos para amparar y accionar&#8221;.<\/p>\n\n\n\n<p><\/p>\n","protected":false},"excerpt":{"rendered":"<p>Se trata de una iniciativa que est\u00e1 vinculada con la prevenci\u00f3n de la violencia de g\u00e9nero y propone el establecimiento<\/p>\n","protected":false},"author":6,"featured_media":125858,"comment_status":"closed","ping_status":"closed","sticky":false,"template":"","format":"standard","meta":{"_jetpack_memberships_contains_paid_content":false,"footnotes":""},"categories":[4,1],"tags":[],"class_list":["post-125857","post","type-post","status-publish","format-standard","has-post-thumbnail","hentry","category-politica","category-portada"],"jetpack_featured_media_url":"https:\/\/i0.wp.com\/cdnoticias.com\/wp-content\/uploads\/2024\/09\/juventud-radical.png?fit=706%2C415&ssl=1","jetpack_sharing_enabled":true,"_links":{"self":[{"href":"https:\/\/cdnoticias.com\/index.php\/wp-json\/wp\/v2\/posts\/125857","targetHints":{"allow":["GET"]}}],"collection":[{"href":"https:\/\/cdnoticias.com\/index.php\/wp-json\/wp\/v2\/posts"}],"about":[{"href":"https:\/\/cdnoticias.com\/index.php\/wp-json\/wp\/v2\/types\/post"}],"author":[{"embeddable":true,"href":"https:\/\/cdnoticias.com\/index.php\/wp-json\/wp\/v2\/users\/6"}],"replies":[{"embeddable":true,"href":"https:\/\/cdnoticias.com\/index.php\/wp-json\/wp\/v2\/comments?post=125857"}],"version-history":[{"count":0,"href":"https:\/\/cdnoticias.com\/index.php\/wp-json\/wp\/v2\/posts\/125857\/revisions"}],"wp:featuredmedia":[{"embeddable":true,"href":"https:\/\/cdnoticias.com\/index.php\/wp-json\/wp\/v2\/media\/125858"}],"wp:attachment":[{"href":"https:\/\/cdnoticias.com\/index.php\/wp-json\/wp\/v2\/media?parent=125857"}],"wp:term":[{"taxonomy":"category","embeddable":true,"href":"https:\/\/cdnoticias.com\/index.php\/wp-json\/wp\/v2\/categories?post=125857"},{"taxonomy":"post_tag","embeddable":true,"href":"https:\/\/cdnoticias.com\/index.php\/wp-json\/wp\/v2\/tags?post=125857"}],"curies":[{"name":"wp","href":"https:\/\/api.w.org\/{rel}","templated":true}]}}