{"id":125849,"date":"2024-09-18T20:03:45","date_gmt":"2024-09-18T23:03:45","guid":{"rendered":"https:\/\/cdnoticias.com\/?p=125849"},"modified":"2024-09-19T09:18:49","modified_gmt":"2024-09-19T12:18:49","slug":"la-libertad-avanza-volvera-a-quebrarse-en-el-hcd","status":"publish","type":"post","link":"https:\/\/cdnoticias.com\/index.php\/2024\/09\/18\/la-libertad-avanza-volvera-a-quebrarse-en-el-hcd\/","title":{"rendered":"La Libertad Avanza volver\u00e1 a quebrarse en el HCD"},"content":{"rendered":"<p>Adela Casamayor quiere formar un unibloque y se espera la formalizaci\u00f3n en los pr\u00f3ximos d\u00edas. \u00bfMala relaci\u00f3n con Celeste Arouxet? Segunda salida en menos de dos meses.<!--more--><\/p>\n<hr \/>\n<p>Este mi\u00e9rcoles se conoci\u00f3 la <strong>intenci\u00f3n de la concejal Adela Casamayor de conformar un unibloque<\/strong> en el Concejo Deliberante de Olavarr\u00eda con lo que <strong>dejar\u00eda el bloque de La Libertad Avanza (LLA)<\/strong>. La movida se formalizar\u00e1 <em>en los pr\u00f3ximos d\u00edas<\/em> seg\u00fan pudo saber <strong>Central de Noticias.<\/strong><\/p>\n<p>La concejal mantuvo <strong>encuentros en las \u00faltimas horas con autoridades del Legislativo para concretar el quiebre<\/strong>, aunque trascendi\u00f3 que se trata de <strong>una decisi\u00f3n que tom\u00f3 hace varios d\u00edas.<\/strong><\/p>\n<blockquote><p>Una de las fuentes consultadas se\u00f1al\u00f3 como origen de la decisi\u00f3n la \u201cmala relaci\u00f3n con Celeste Arouxet\u201d por parte de Casamayor. Se dej\u00f3 saber, incluso, un episodio de discusi\u00f3n con la m\u00e1xima referente local libertaria que le habr\u00eda ocasionado consecuencias de salud a la concejal por las que debi\u00f3 suspender moment\u00e1neamente su labor legislativa.<\/p><\/blockquote>\n<p>Si bien no fue confirmado oficialmente, a fin de efectivizar la salida del bloque de LLA<strong> resta que las autoridades del Concejo dispongan un lugar para ubicar el nuevo unibloque<\/strong> que se llamar\u00eda <strong>\u201cCimientos de Libertad\u201d<\/strong>. Posteriormente, Casamayor deber\u00e1 integrarse a las reuniones de la comisi\u00f3n de Labor Parlamentaria, que componen todos los presidentes de bloque.<\/p>\n<p><img data-recalc-dims=\"1\" loading=\"lazy\" decoding=\"async\" class=\"size-full wp-image-122539 aligncenter\" src=\"https:\/\/i0.wp.com\/cdnoticias.com\/wp-content\/uploads\/2024\/08\/ahora-olavarria-la-libertad-avanza-03-oliver-gamondi-guillermo-lascano-celeste-arouxet-adela-casamayor-paola-odello.jpg?resize=800%2C445&#038;ssl=1\" alt=\"\" width=\"800\" height=\"445\" srcset=\"https:\/\/i0.wp.com\/cdnoticias.com\/wp-content\/uploads\/2024\/08\/ahora-olavarria-la-libertad-avanza-03-oliver-gamondi-guillermo-lascano-celeste-arouxet-adela-casamayor-paola-odello.jpg?w=1000&amp;ssl=1 1000w, https:\/\/i0.wp.com\/cdnoticias.com\/wp-content\/uploads\/2024\/08\/ahora-olavarria-la-libertad-avanza-03-oliver-gamondi-guillermo-lascano-celeste-arouxet-adela-casamayor-paola-odello.jpg?resize=300%2C167&amp;ssl=1 300w, https:\/\/i0.wp.com\/cdnoticias.com\/wp-content\/uploads\/2024\/08\/ahora-olavarria-la-libertad-avanza-03-oliver-gamondi-guillermo-lascano-celeste-arouxet-adela-casamayor-paola-odello.jpg?resize=768%2C427&amp;ssl=1 768w, https:\/\/i0.wp.com\/cdnoticias.com\/wp-content\/uploads\/2024\/08\/ahora-olavarria-la-libertad-avanza-03-oliver-gamondi-guillermo-lascano-celeste-arouxet-adela-casamayor-paola-odello.jpg?resize=800%2C445&amp;ssl=1 800w\" sizes=\"auto, (max-width: 800px) 100vw, 800px\" \/><\/p>\n<h3>Segundo quiebre<\/h3>\n<p><strong>La salida de Casamayor es la segunda<\/strong> en menos de dos meses en LLA: <a href=\"https:\/\/cdnoticias.com\/index.php\/2024\/07\/30\/marcelo-petehs-voy-a-seguir-trabajando-para-llevar-proyectos-beneficiosos-para-la-comunidad\/\" target=\"_blank\" rel=\"noopener\">a fines de julio <strong>Marcelo Petehs<\/strong> abandon\u00f3 tambi\u00e9n el bloque<\/a>.<\/p>\n<p>Al conformar el unibloque Libertad Olavarr\u00eda, <strong>Petehs expuso cierto malestar dentro del bloque en cuanto a \u201cdiferencias de criterios y de accionar\u201d<\/strong> que llegaron hasta un <strong>pedido de renuncia a su banca<\/strong>. Cabe resaltar que <em>en el caso de Casamayor no se aludi\u00f3 a problemas entre los concejales<\/em>, sino s\u00f3lo se apunt\u00f3 contra Arouxet.<\/p>\n<blockquote><p>Las dos salidas son llamativas e importantes ya que se trata de concejales titulares del bloque LLA que ahora quedar\u00e1 integrado solamente por los concejales Oliver Gamondi y Paola Odello, quienes son suplentes de Guillermo Lascano y Celeste Arouxet, respectivamente.<\/p><\/blockquote>\n<p>Cabe recordar que, adem\u00e1s, <strong>Central de Noticias<\/strong> confirm\u00f3 que tambi\u00e9n hubo <strong>un quiebre en el sector libertario en el Consejo Escolar<\/strong>: fue a fines del a\u00f1o pasado, antes de la asunci\u00f3n del<strong> primer <a href=\"https:\/\/cdnoticias.com\/index.php\/2024\/07\/31\/desde-ahora-olavarria-pidieron-la-renuncia-a-un-consejero-escolar\/\" target=\"_blank\" rel=\"noopener\">consejero escolar libertario, Pedro Magallanes<\/a>, quien lleg\u00f3 a denunciar penalmente a integrantes del sector Ahora Olavarr\u00eda<\/strong> por<strong> \u201cla violencia\u201d<\/strong> con la cual intentaron que renuncie antes de asumir.<\/p>\n<p>Por \u00faltimo, un aspecto a tener en cuenta es que al igual que lo han expresado oportunamente el concejal Marcelo Petehs y el consejero Magallanes, <strong>Adela Casamayor mantiene su identidad libertaria<\/strong> a pesar de la ruptura local.<\/p>\n","protected":false},"excerpt":{"rendered":"<p>Adela Casamayor quiere formar un unibloque y se espera la formalizaci\u00f3n en los pr\u00f3ximos d\u00edas. \u00bfMala relaci\u00f3n con Celeste Arouxet?<\/p>\n","protected":false},"author":4,"featured_media":105426,"comment_status":"closed","ping_status":"closed","sticky":false,"template":"","format":"standard","meta":{"_jetpack_memberships_contains_paid_content":false,"footnotes":""},"categories":[4,1],"tags":[],"class_list":["post-125849","post","type-post","status-publish","format-standard","has-post-thumbnail","hentry","category-politica","category-portada"],"jetpack_featured_media_url":"https:\/\/i0.wp.com\/cdnoticias.com\/wp-content\/uploads\/2023\/12\/HCD-maria-adela-casamayor.jpg?fit=1200%2C667&ssl=1","jetpack_sharing_enabled":true,"_links":{"self":[{"href":"https:\/\/cdnoticias.com\/index.php\/wp-json\/wp\/v2\/posts\/125849","targetHints":{"allow":["GET"]}}],"collection":[{"href":"https:\/\/cdnoticias.com\/index.php\/wp-json\/wp\/v2\/posts"}],"about":[{"href":"https:\/\/cdnoticias.com\/index.php\/wp-json\/wp\/v2\/types\/post"}],"author":[{"embeddable":true,"href":"https:\/\/cdnoticias.com\/index.php\/wp-json\/wp\/v2\/users\/4"}],"replies":[{"embeddable":true,"href":"https:\/\/cdnoticias.com\/index.php\/wp-json\/wp\/v2\/comments?post=125849"}],"version-history":[{"count":0,"href":"https:\/\/cdnoticias.com\/index.php\/wp-json\/wp\/v2\/posts\/125849\/revisions"}],"wp:featuredmedia":[{"embeddable":true,"href":"https:\/\/cdnoticias.com\/index.php\/wp-json\/wp\/v2\/media\/105426"}],"wp:attachment":[{"href":"https:\/\/cdnoticias.com\/index.php\/wp-json\/wp\/v2\/media?parent=125849"}],"wp:term":[{"taxonomy":"category","embeddable":true,"href":"https:\/\/cdnoticias.com\/index.php\/wp-json\/wp\/v2\/categories?post=125849"},{"taxonomy":"post_tag","embeddable":true,"href":"https:\/\/cdnoticias.com\/index.php\/wp-json\/wp\/v2\/tags?post=125849"}],"curies":[{"name":"wp","href":"https:\/\/api.w.org\/{rel}","templated":true}]}}