{"id":12584,"date":"2021-01-30T15:57:42","date_gmt":"2021-01-30T18:57:42","guid":{"rendered":"http:\/\/www.centraldenoticias.com.ar\/?p=12584"},"modified":"2021-01-30T17:46:18","modified_gmt":"2021-01-30T20:46:18","slug":"se-reunieron-autoridades-policiales-ante-el-reclamo-de-seguridad-en-los-campos","status":"publish","type":"post","link":"https:\/\/cdnoticias.com\/index.php\/2021\/01\/30\/se-reunieron-autoridades-policiales-ante-el-reclamo-de-seguridad-en-los-campos\/","title":{"rendered":"Se reunieron autoridades policiales ante el reclamo de seguridad en los campos"},"content":{"rendered":"<p>El encuentro fue protagonizado por integrantes de la c\u00fapula no s\u00f3lo de Seguridad Rural, sino tambi\u00e9n de la Estaci\u00f3n de Polic\u00eda Departamental local. D\u00edas atr\u00e1s la Sociedad Rural hab\u00eda reclamado incrementar los esfuerzos preventivos.<!--more--><\/p>\n<hr \/>\n<p>D\u00edas atr\u00e1s <a href=\"https:\/\/cdnoticias.com\/index.php\/2021\/01\/27\/ante-el-crecimiento-de-casos-de-abigeato-la-sociedad-rural-se-reunio-con-autoridades-provinciales\/\" target=\"_blank\" rel=\"noopener\">referentes de la Sociedad Rural recibieron a funcionarios provinciales del Ministerio de Seguridad<\/a>, a quienes les hicieron llegar sus inquietudes y, m\u00e1s a\u00fan, la <strong>preocupaci\u00f3n ante el incremento de casos de abigeato en un sector puntual del partido de Olavarr\u00eda<\/strong>. Ese encuentro tambi\u00e9n cont\u00f3 con la participaci\u00f3n, entre otros, de referentes en materia de seguridad y municipales, adem\u00e1s de funcionarios y referentes pol\u00edticos.<\/p>\n<p>&nbsp;<\/p>\n<p><img data-recalc-dims=\"1\" loading=\"lazy\" decoding=\"async\" class=\"alignnone size-large wp-image-12368\" src=\"https:\/\/i0.wp.com\/cdnoticias.com\/wp-content\/uploads\/2021\/01\/WhatsApp-Image-2021-01-27-at-11.17.41-1-e1611772152945-1024x640.jpeg?resize=800%2C500&#038;ssl=1\" alt=\"\" width=\"800\" height=\"500\" srcset=\"https:\/\/i0.wp.com\/cdnoticias.com\/wp-content\/uploads\/2021\/01\/WhatsApp-Image-2021-01-27-at-11.17.41-1-e1611772152945.jpeg?resize=1024%2C640&amp;ssl=1 1024w, https:\/\/i0.wp.com\/cdnoticias.com\/wp-content\/uploads\/2021\/01\/WhatsApp-Image-2021-01-27-at-11.17.41-1-e1611772152945.jpeg?resize=300%2C188&amp;ssl=1 300w, https:\/\/i0.wp.com\/cdnoticias.com\/wp-content\/uploads\/2021\/01\/WhatsApp-Image-2021-01-27-at-11.17.41-1-e1611772152945.jpeg?resize=768%2C480&amp;ssl=1 768w, https:\/\/i0.wp.com\/cdnoticias.com\/wp-content\/uploads\/2021\/01\/WhatsApp-Image-2021-01-27-at-11.17.41-1-e1611772152945.jpeg?w=1228&amp;ssl=1 1228w\" sizes=\"auto, (max-width: 800px) 100vw, 800px\" \/><\/p>\n<p>&nbsp;<\/p>\n<p>Seg\u00fan fue narrado desde la entidad agraria a <em><strong>Central de Noticias<\/strong><\/em>, contabilizan alrededor de <strong>una docena de animales faenados en pocos d\u00edas, en hechos que se registraron en un radio acotado de kil\u00f3metros sobre la Ruta Nacional 226<\/strong>, en hechos que ya son materia de estudio de la ayudant\u00eda en Delitos Rurales, que tiene como fiscal titular al doctor Lucas Moyano.<\/p>\n<p>&nbsp;<\/p>\n<p>Lo concreto es que una r\u00e9plica de esa situaci\u00f3n pudo verse en las \u00faltimas horas a partir de<strong> una importante reuni\u00f3n de la que tomaron parte integrantes de la c\u00fapula policial del partido<\/strong>. Tal es as\u00ed que todo fue protagonizado por el comisario inspector Marcos Patelli, titular de la Coordinaci\u00f3n Zonal de Seguridad Rural de Olavarr\u00eda, quien estuvo junto al Director Operativo, el subcomisario mayor Pablo Fortunato, y el titular del Comando de Prevenci\u00f3n Rural local, el comisario Jos\u00e9 Amezaga, en representaci\u00f3n precisamente del \u00e1rea de seguridad rural.<\/p>\n<p>&nbsp;<\/p>\n<p><img data-recalc-dims=\"1\" loading=\"lazy\" decoding=\"async\" class=\"alignnone size-large wp-image-12586\" src=\"https:\/\/i0.wp.com\/cdnoticias.com\/wp-content\/uploads\/2021\/01\/WhatsApp-Image-2021-01-30-at-19.10.49.jpeg?resize=800%2C600&#038;ssl=1\" alt=\"\" width=\"800\" height=\"600\" srcset=\"https:\/\/i0.wp.com\/cdnoticias.com\/wp-content\/uploads\/2021\/01\/WhatsApp-Image-2021-01-30-at-19.10.49.jpeg?resize=1024%2C768&amp;ssl=1 1024w, https:\/\/i0.wp.com\/cdnoticias.com\/wp-content\/uploads\/2021\/01\/WhatsApp-Image-2021-01-30-at-19.10.49.jpeg?resize=300%2C225&amp;ssl=1 300w, https:\/\/i0.wp.com\/cdnoticias.com\/wp-content\/uploads\/2021\/01\/WhatsApp-Image-2021-01-30-at-19.10.49.jpeg?resize=768%2C576&amp;ssl=1 768w, https:\/\/i0.wp.com\/cdnoticias.com\/wp-content\/uploads\/2021\/01\/WhatsApp-Image-2021-01-30-at-19.10.49.jpeg?w=1032&amp;ssl=1 1032w\" sizes=\"auto, (max-width: 800px) 100vw, 800px\" \/><\/p>\n<p>&nbsp;<\/p>\n<p>Lo relevante del encuentro es que tambi\u00e9n fueron parte los comisarios inspector Roberto Landoni y Juan Iturregui, jefes de la Estaci\u00f3n de Polic\u00eda Departamental Olavarr\u00eda y el Comando de Patrullas local respectivamente. Si bien no se arrojaron mayores precisiones, se enfatiz\u00f3 que el <strong>objetivo fue \u201ccoordinar el trabajo con el fin de afianzar y fortalecer la seguridad del Partido\u201d<\/strong>.<\/p>\n<p>&nbsp;<\/p>\n<p>Por \u00faltimo, se a\u00f1adi\u00f3 que la reuni\u00f3n sirvi\u00f3 para diagramar <strong>\u201coperativos en forma conjunta,\u00a0 en todo el \u00e1mbito rural y en diferentes puntos estrat\u00e9gicos consensuados en la oportunidad\u201d.<\/strong><\/p>\n","protected":false},"excerpt":{"rendered":"<p>El encuentro fue protagonizado por integrantes de la c\u00fapula no s\u00f3lo de Seguridad Rural, sino tambi\u00e9n de la Estaci\u00f3n de<\/p>\n","protected":false},"author":3,"featured_media":12585,"comment_status":"closed","ping_status":"closed","sticky":false,"template":"","format":"standard","meta":{"_jetpack_memberships_contains_paid_content":false,"footnotes":""},"categories":[14,1],"tags":[],"class_list":["post-12584","post","type-post","status-publish","format-standard","has-post-thumbnail","hentry","category-policiales","category-portada"],"jetpack_featured_media_url":"https:\/\/i0.wp.com\/cdnoticias.com\/wp-content\/uploads\/2021\/01\/portada-2.jpg?fit=800%2C445&ssl=1","jetpack_sharing_enabled":true,"_links":{"self":[{"href":"https:\/\/cdnoticias.com\/index.php\/wp-json\/wp\/v2\/posts\/12584","targetHints":{"allow":["GET"]}}],"collection":[{"href":"https:\/\/cdnoticias.com\/index.php\/wp-json\/wp\/v2\/posts"}],"about":[{"href":"https:\/\/cdnoticias.com\/index.php\/wp-json\/wp\/v2\/types\/post"}],"author":[{"embeddable":true,"href":"https:\/\/cdnoticias.com\/index.php\/wp-json\/wp\/v2\/users\/3"}],"replies":[{"embeddable":true,"href":"https:\/\/cdnoticias.com\/index.php\/wp-json\/wp\/v2\/comments?post=12584"}],"version-history":[{"count":0,"href":"https:\/\/cdnoticias.com\/index.php\/wp-json\/wp\/v2\/posts\/12584\/revisions"}],"wp:featuredmedia":[{"embeddable":true,"href":"https:\/\/cdnoticias.com\/index.php\/wp-json\/wp\/v2\/media\/12585"}],"wp:attachment":[{"href":"https:\/\/cdnoticias.com\/index.php\/wp-json\/wp\/v2\/media?parent=12584"}],"wp:term":[{"taxonomy":"category","embeddable":true,"href":"https:\/\/cdnoticias.com\/index.php\/wp-json\/wp\/v2\/categories?post=12584"},{"taxonomy":"post_tag","embeddable":true,"href":"https:\/\/cdnoticias.com\/index.php\/wp-json\/wp\/v2\/tags?post=12584"}],"curies":[{"name":"wp","href":"https:\/\/api.w.org\/{rel}","templated":true}]}}