{"id":12579,"date":"2021-01-30T14:00:27","date_gmt":"2021-01-30T17:00:27","guid":{"rendered":"http:\/\/www.centraldenoticias.com.ar\/?p=12579"},"modified":"2021-01-30T15:58:22","modified_gmt":"2021-01-30T18:58:22","slug":"el-personal-policial-fue-atacado-a-balazos-en-el-barrio-avellaneda","status":"publish","type":"post","link":"https:\/\/cdnoticias.com\/index.php\/2021\/01\/30\/el-personal-policial-fue-atacado-a-balazos-en-el-barrio-avellaneda\/","title":{"rendered":"El personal policial fue atacado a balazos en el barrio Avellaneda"},"content":{"rendered":"<p>Se brind\u00f3 informaci\u00f3n oficial sobre lo sucedido en la tarde y noche del s\u00e1bado. El aprehendido en el sector fue acusado por abuso de arma y lesiones.<!--more--><\/p>\n<hr \/>\n<p>Tras el adelanto de <strong>Central de Noticias<\/strong> acerca de lo sucedido a partir de la tarde del s\u00e1bado <a href=\"https:\/\/cdnoticias.com\/index.php\/2021\/01\/30\/una-mujer-resulto-herida-de-un-escopetazo-un-joven-fue-aprehendido\/\" target=\"_blank\" rel=\"noopener\">en el barrio Nicol\u00e1s Avellaneda<\/a>, se brind\u00f3 informaci\u00f3n oficial de los episodios de violencia y se expuso que <strong>el personal policial fue atacado con armas de fuego.<\/strong><\/p>\n<p>En cuanto al <strong>joven de 20 a\u00f1os aprehendido, fue acusado por abuso de arma y lesiones<\/strong>.<\/p>\n<p>Seg\u00fan se expuso, un llamado al 911 de emergencias alert\u00f3 sobre una<strong> \u201cconfrontaci\u00f3n vecinal y detonaciones de armas de fuego en calle Aguilar y 14\u201d<\/strong>.<\/p>\n<blockquote><p>Los efectivos del Comando de Patrullas que se presentaron all\u00ed observaron \u201cvarias personas confrontando, quienes ante la presencia de los uniformados, arremeten contra los mismos arrojando piedras y disparos de arma de fuego\u201d se detall\u00f3.<\/p><\/blockquote>\n<p>Ante la situaci\u00f3n, los uniformados buscaron repeler la agresi\u00f3n, disuadieron a<strong> los agresores quienes se fugaron a trav\u00e9s de los descampados y bald\u00edos<\/strong> de la zona cuando adem\u00e1s ya era de noche y se dificultaba la visibilidad.<\/p>\n<p>Poco despu\u00e9s, otro llamado al 911 expuso que <strong>una mujer hab\u00eda resultado herida de arma de fuego en la espalda<\/strong> con lo que nuevamente los m\u00f3viles policiales retornaron. Tal como se adelant\u00f3, la v\u00edctima hab\u00eda sido trasladada al Hospital por si hijo. Cabe recordar que se inform\u00f3 que estaba en buen estado de salud.<\/p>\n<p>Testigos consultados por los polic\u00edas del CPO expusieron que <strong>dos hombres con armas largas eran los agresores<\/strong>, que disparaban hacia las viviendas de Aguilar y calle 14 y los ubicaron en el sector de las v\u00edas.<\/p>\n<p>El personal recorri\u00f3 la zona se\u00f1alada y all\u00ed <strong>aprehendieron a un hombre quien fue acusado<\/strong>. Se trata de un joven de 20 a\u00f1os quien fue trasladado a la comisar\u00eda Segunda.<\/p>\n<p>Se iniciaron actuaciones caratuladas <strong>\u201cabuso de armas y lesiones\u201d<\/strong> y se dio intervenci\u00f3n a la UFI N.\u00ba 7.<\/p>\n","protected":false},"excerpt":{"rendered":"<p>Se brind\u00f3 informaci\u00f3n oficial sobre lo sucedido en la tarde y noche del s\u00e1bado. El aprehendido en el sector fue<\/p>\n","protected":false},"author":4,"featured_media":12581,"comment_status":"closed","ping_status":"closed","sticky":false,"template":"","format":"standard","meta":{"_jetpack_memberships_contains_paid_content":false,"footnotes":""},"categories":[14,1],"tags":[],"class_list":["post-12579","post","type-post","status-publish","format-standard","has-post-thumbnail","hentry","category-policiales","category-portada"],"jetpack_featured_media_url":"https:\/\/i0.wp.com\/cdnoticias.com\/wp-content\/uploads\/2021\/01\/aprehendido-barrio-nicolas-avellanada.jpg?fit=800%2C445&ssl=1","jetpack_sharing_enabled":true,"_links":{"self":[{"href":"https:\/\/cdnoticias.com\/index.php\/wp-json\/wp\/v2\/posts\/12579","targetHints":{"allow":["GET"]}}],"collection":[{"href":"https:\/\/cdnoticias.com\/index.php\/wp-json\/wp\/v2\/posts"}],"about":[{"href":"https:\/\/cdnoticias.com\/index.php\/wp-json\/wp\/v2\/types\/post"}],"author":[{"embeddable":true,"href":"https:\/\/cdnoticias.com\/index.php\/wp-json\/wp\/v2\/users\/4"}],"replies":[{"embeddable":true,"href":"https:\/\/cdnoticias.com\/index.php\/wp-json\/wp\/v2\/comments?post=12579"}],"version-history":[{"count":0,"href":"https:\/\/cdnoticias.com\/index.php\/wp-json\/wp\/v2\/posts\/12579\/revisions"}],"wp:featuredmedia":[{"embeddable":true,"href":"https:\/\/cdnoticias.com\/index.php\/wp-json\/wp\/v2\/media\/12581"}],"wp:attachment":[{"href":"https:\/\/cdnoticias.com\/index.php\/wp-json\/wp\/v2\/media?parent=12579"}],"wp:term":[{"taxonomy":"category","embeddable":true,"href":"https:\/\/cdnoticias.com\/index.php\/wp-json\/wp\/v2\/categories?post=12579"},{"taxonomy":"post_tag","embeddable":true,"href":"https:\/\/cdnoticias.com\/index.php\/wp-json\/wp\/v2\/tags?post=12579"}],"curies":[{"name":"wp","href":"https:\/\/api.w.org\/{rel}","templated":true}]}}