{"id":125770,"date":"2024-09-17T19:30:52","date_gmt":"2024-09-17T22:30:52","guid":{"rendered":"https:\/\/cdnoticias.com\/?p=125770"},"modified":"2024-09-17T19:30:54","modified_gmt":"2024-09-17T22:30:54","slug":"bancarios-acordaron-un-incremento-acorde-a-la-inflacion-de-agosto","status":"publish","type":"post","link":"https:\/\/cdnoticias.com\/index.php\/2024\/09\/17\/bancarios-acordaron-un-incremento-acorde-a-la-inflacion-de-agosto\/","title":{"rendered":"Bancarios acordaron un incremento acorde a la inflaci\u00f3n de agosto"},"content":{"rendered":"\n<p>La Asociaci\u00f3n Bancaria lleg\u00f3 a un nuevo arreglo con las c\u00e1maras empresarias. El inicial, con la participaci\u00f3n por ganancias, qued\u00f3 en $ 1.455.388.<\/p>\n\n\n\n<hr class=\"wp-block-separator aligncenter has-alpha-channel-opacity\"\/>\n\n\n\n<p>La <strong>Asociaci\u00f3n Bancaria <\/strong>acord\u00f3 con las c\u00e1maras empresarias que aglutinan a bancos un<strong> incremento del 4,2% por agosto<\/strong>, por el cual <strong>el salario inicial de los trabajadores del sector llegar\u00e1 a $ 1.455.388.<\/strong><\/p>\n\n\n\n<p><\/p>\n\n\n\n<p>La organizaci\u00f3n gremial se\u00f1al\u00f3 en un comunicado que \u201cen el d\u00eda de la fecha hemos acordado con las c\u00e1maras empresarias un <strong>aumento salarial que ser\u00e1 equivalente a la inflaci\u00f3n del mes de agosto, sobre los sueldos de julio, <\/strong>para todas las remuneraciones mensuales brutas, normales, habituales y totales, remunerativas y no remunerativas, incluyendo los adicionales convencionales y no convencionales\u201d.<\/p>\n\n\n\n<p><\/p>\n\n\n\n<p>De esta manera, detall\u00f3 La Bancaria, <em>\u201cse deber\u00e1 abonar la diferencia que surja entre la inflaci\u00f3n acumulada entre los meses de enero a agosto 2024 inclusive (94,8%), tomando como referencia los salarios de diciembre 2023, y los incrementos ya otorgados en el 2024\u201d.<\/em><\/p>\n\n\n\n<p><\/p>\n\n\n\n<p>&nbsp;\u201cDicho incremento representa un 4,2% con respecto al mes de julio. El mismo deber\u00e1 ser abonado junto con los salarios del mes de septiembre\u201d agregaron.<\/p>\n\n\n\n<p><\/p>\n\n\n\n<p>Con el nuevo aumento, <strong>el salario inicial de un bancario qued\u00f3 en $ 1.455.388 <\/strong>(contando la participaci\u00f3n por ganancias). En tanto, <strong>el monto m\u00ednimo por el D\u00eda del Bancario est\u00e1 en $ 1.252.181.<\/strong><\/p>\n\n\n\n<p><\/p>\n\n\n\n<p><em>Fuente: DIB<\/em><\/p>\n","protected":false},"excerpt":{"rendered":"<p>La Asociaci\u00f3n Bancaria lleg\u00f3 a un nuevo arreglo con las c\u00e1maras empresarias. El inicial, con la participaci\u00f3n por ganancias, qued\u00f3<\/p>\n","protected":false},"author":6,"featured_media":125771,"comment_status":"closed","ping_status":"closed","sticky":false,"template":"","format":"standard","meta":{"_jetpack_memberships_contains_paid_content":false,"footnotes":""},"categories":[6,1],"tags":[],"class_list":["post-125770","post","type-post","status-publish","format-standard","has-post-thumbnail","hentry","category-nacionales","category-portada"],"jetpack_featured_media_url":"https:\/\/i0.wp.com\/cdnoticias.com\/wp-content\/uploads\/2024\/09\/bancarios-sindicato.png?fit=684%2C436&ssl=1","jetpack_sharing_enabled":true,"_links":{"self":[{"href":"https:\/\/cdnoticias.com\/index.php\/wp-json\/wp\/v2\/posts\/125770","targetHints":{"allow":["GET"]}}],"collection":[{"href":"https:\/\/cdnoticias.com\/index.php\/wp-json\/wp\/v2\/posts"}],"about":[{"href":"https:\/\/cdnoticias.com\/index.php\/wp-json\/wp\/v2\/types\/post"}],"author":[{"embeddable":true,"href":"https:\/\/cdnoticias.com\/index.php\/wp-json\/wp\/v2\/users\/6"}],"replies":[{"embeddable":true,"href":"https:\/\/cdnoticias.com\/index.php\/wp-json\/wp\/v2\/comments?post=125770"}],"version-history":[{"count":0,"href":"https:\/\/cdnoticias.com\/index.php\/wp-json\/wp\/v2\/posts\/125770\/revisions"}],"wp:featuredmedia":[{"embeddable":true,"href":"https:\/\/cdnoticias.com\/index.php\/wp-json\/wp\/v2\/media\/125771"}],"wp:attachment":[{"href":"https:\/\/cdnoticias.com\/index.php\/wp-json\/wp\/v2\/media?parent=125770"}],"wp:term":[{"taxonomy":"category","embeddable":true,"href":"https:\/\/cdnoticias.com\/index.php\/wp-json\/wp\/v2\/categories?post=125770"},{"taxonomy":"post_tag","embeddable":true,"href":"https:\/\/cdnoticias.com\/index.php\/wp-json\/wp\/v2\/tags?post=125770"}],"curies":[{"name":"wp","href":"https:\/\/api.w.org\/{rel}","templated":true}]}}