{"id":125756,"date":"2024-09-17T20:17:27","date_gmt":"2024-09-17T23:17:27","guid":{"rendered":"https:\/\/cdnoticias.com\/?p=125756"},"modified":"2024-09-18T08:56:03","modified_gmt":"2024-09-18T11:56:03","slug":"son-momentos-dificiles-en-materia-de-derechos-pero-la-salida-es-colectiva","status":"publish","type":"post","link":"https:\/\/cdnoticias.com\/index.php\/2024\/09\/17\/son-momentos-dificiles-en-materia-de-derechos-pero-la-salida-es-colectiva\/","title":{"rendered":"\u201cSon momentos dif\u00edciles en materia de derechos, pero la salida es colectiva\u201d"},"content":{"rendered":"\n<p>Este domingo, la activista y militante Victoria Altavista, fue reconocida con el galard\u00f3n de Honor al M\u00e9rito Ciudadano por su trayectoria y compromiso para una sociedad m\u00e1s inclusiva. En di\u00e1logo con este medio cont\u00f3 el trabajo realizado los \u00faltimos a\u00f1os y los desaf\u00edos que quedan por cumplir.<\/p>\n\n\n\n<hr class=\"wp-block-separator aligncenter has-alpha-channel-opacity\"\/>\n\n\n\n<p>El pasado 22 de agosto sesion\u00f3 el Honorable Concejo Deliberante y entre los proyectos presentados, <strong>los ediles aprobaron una resoluci\u00f3n apoyada por todos los bloques<\/strong> para <strong>distinguir con el galard\u00f3n de Honor al M\u00e9rito Ciudadano a Victoria Altavista,<\/strong> activista y militante, \u201c<strong>por su trayectoria y compromiso para una sociedad m\u00e1s inclusiva\u201d.<\/strong><\/p>\n\n\n\n<p><\/p>\n\n\n\n<p>Finalmente este domingo, <strong>hicieron entrega de la misma <\/strong>en los<a href=\"https:\/\/cdnoticias.com\/index.php\/2024\/09\/16\/una-gran-fiesta-para-celebrar-los-113-anos-de-recalde\/\" target=\"_blank\" rel=\"noreferrer noopener\"> festejos en el marco del 113\u00ba aniversario de Recalde.<\/a> <em>Central de Noticias<\/em> dialog\u00f3 con <strong>Victoria Altavista, activista y militante,<\/strong> quien expres\u00f3 que \u201c<strong><em>tanta lucha y militancia a trav\u00e9s del arte y mi trabajo como coordinadora del Espacio de Diversidad del STMO da sus frutos. Acompa\u00f1ar, visibilizar, concientizar desde el amor y el respeto\u201d.<\/em><\/strong><\/p>\n\n\n\n<p><\/p>\n\n\n\n<blockquote class=\"wp-block-quote is-layout-flow wp-block-quote-is-layout-flow\">\n<p>\u201cNo es f\u00e1cil plantarse ante una parte de la sociedad que no nos quiere ver teniendo las mismas oportunidades que las dem\u00e1s personas. Fueron a\u00f1os de mucho trabajo de territorio recorriendo junto al equipo y Criar con Alas diferentes espacios donde la Ley de Identidad de G\u00e9nero no exist\u00eda (no se hablaba) explicando que todxs somos parte y que luchamos por un mundo donde quepan todxs\u201d remarc\u00f3 Altavista.<\/p>\n<\/blockquote>\n\n\n\n<p><\/p>\n\n\n\n<figure class=\"wp-block-image size-full\"><img data-recalc-dims=\"1\" loading=\"lazy\" decoding=\"async\" width=\"800\" height=\"437\" src=\"https:\/\/i0.wp.com\/cdnoticias.com\/wp-content\/uploads\/2024\/09\/victoria-altavista-reconocimiento-hcd1.png?resize=800%2C437&#038;ssl=1\" alt=\"\" class=\"wp-image-125759\" srcset=\"https:\/\/i0.wp.com\/cdnoticias.com\/wp-content\/uploads\/2024\/09\/victoria-altavista-reconocimiento-hcd1.png?w=843&amp;ssl=1 843w, https:\/\/i0.wp.com\/cdnoticias.com\/wp-content\/uploads\/2024\/09\/victoria-altavista-reconocimiento-hcd1.png?resize=300%2C164&amp;ssl=1 300w, https:\/\/i0.wp.com\/cdnoticias.com\/wp-content\/uploads\/2024\/09\/victoria-altavista-reconocimiento-hcd1.png?resize=768%2C420&amp;ssl=1 768w\" sizes=\"auto, (max-width: 800px) 100vw, 800px\" \/><\/figure>\n\n\n\n<p><\/p>\n\n\n\n<p>Entre las recorridas, Altavista pas\u00f3 por <strong>negocios, escuelas, reuniones con organizaciones locales y localidades<\/strong> que fueron parte del compromiso. De todas maneras, los desaf\u00edos contin\u00faan y Altavista sostuvo que <strong>\u201cson momentos dif\u00edciles en materia de derechos, pero la salida es colectiva. No conocemos otro medio de vida que no sea luchar por nosotros mismos y por el otro<\/strong>\u201d.<\/p>\n\n\n\n<p><\/p>\n\n\n\n<p>Y agreg\u00f3: \u201cAunque muchas veces nos quedemos sin fuerzas, ah\u00ed est\u00e1 ese compa\u00f1erx para abrazar y seguir adelante. Somos lucha y resistencia constante\u201d.<\/p>\n\n\n\n<p><\/p>\n\n\n\n<blockquote class=\"wp-block-quote is-layout-flow wp-block-quote-is-layout-flow\">\n<p>Sobre el reconocimiento, la militante expres\u00f3: \u201cA nivel personal me cuesta mucho creer en estos reconocimientos, pero a la vez s\u00e9 lo que trabajamos por el mismo, que no solo es un reconocimiento para m\u00ed, sino para toda una comunidad que muchas veces vivi\u00f3 la falta de respeto constante\u201d.<\/p>\n<\/blockquote>\n\n\n\n<p><\/p>\n\n\n\n<p>\u201cDecid\u00ed que la entrega sea en mi pueblo y su gente. <strong>La misma gente que mi vio nacer y crecer. Ah\u00ed d\u00f3nde est\u00e1 mi historia, mis ra\u00edces, familia, amigos y gente querida.<\/strong> Fue muy emocionante, sobre todo ver a mi pap\u00e1 con sus l\u00e1grimas mientras ocurr\u00eda el acto\u201d cerr\u00f3 Altavista.<\/p>\n\n\n\n<p><\/p>\n","protected":false},"excerpt":{"rendered":"<p>Este domingo, la activista y militante Victoria Altavista, fue reconocida con el galard\u00f3n de Honor al M\u00e9rito Ciudadano por su<\/p>\n","protected":false},"author":6,"featured_media":125758,"comment_status":"closed","ping_status":"closed","sticky":false,"template":"","format":"standard","meta":{"_jetpack_memberships_contains_paid_content":false,"footnotes":""},"categories":[3,1],"tags":[],"class_list":["post-125756","post","type-post","status-publish","format-standard","has-post-thumbnail","hentry","category-genero","category-portada"],"jetpack_featured_media_url":"https:\/\/i0.wp.com\/cdnoticias.com\/wp-content\/uploads\/2024\/09\/victoria-altavista-reconocimiento-hcd.png?fit=865%2C527&ssl=1","jetpack_sharing_enabled":true,"_links":{"self":[{"href":"https:\/\/cdnoticias.com\/index.php\/wp-json\/wp\/v2\/posts\/125756","targetHints":{"allow":["GET"]}}],"collection":[{"href":"https:\/\/cdnoticias.com\/index.php\/wp-json\/wp\/v2\/posts"}],"about":[{"href":"https:\/\/cdnoticias.com\/index.php\/wp-json\/wp\/v2\/types\/post"}],"author":[{"embeddable":true,"href":"https:\/\/cdnoticias.com\/index.php\/wp-json\/wp\/v2\/users\/6"}],"replies":[{"embeddable":true,"href":"https:\/\/cdnoticias.com\/index.php\/wp-json\/wp\/v2\/comments?post=125756"}],"version-history":[{"count":0,"href":"https:\/\/cdnoticias.com\/index.php\/wp-json\/wp\/v2\/posts\/125756\/revisions"}],"wp:featuredmedia":[{"embeddable":true,"href":"https:\/\/cdnoticias.com\/index.php\/wp-json\/wp\/v2\/media\/125758"}],"wp:attachment":[{"href":"https:\/\/cdnoticias.com\/index.php\/wp-json\/wp\/v2\/media?parent=125756"}],"wp:term":[{"taxonomy":"category","embeddable":true,"href":"https:\/\/cdnoticias.com\/index.php\/wp-json\/wp\/v2\/categories?post=125756"},{"taxonomy":"post_tag","embeddable":true,"href":"https:\/\/cdnoticias.com\/index.php\/wp-json\/wp\/v2\/tags?post=125756"}],"curies":[{"name":"wp","href":"https:\/\/api.w.org\/{rel}","templated":true}]}}