{"id":125744,"date":"2024-09-17T11:21:06","date_gmt":"2024-09-17T14:21:06","guid":{"rendered":"https:\/\/cdnoticias.com\/?p=125744"},"modified":"2024-09-17T13:17:37","modified_gmt":"2024-09-17T16:17:37","slug":"el-municipio-concreto-la-venta-de-una-calle-a-loma-negra","status":"publish","type":"post","link":"https:\/\/cdnoticias.com\/index.php\/2024\/09\/17\/el-municipio-concreto-la-venta-de-una-calle-a-loma-negra\/","title":{"rendered":"El Municipio concret\u00f3 la venta de una calle a Loma Negra"},"content":{"rendered":"\n<p>Luego de 6 meses de negociaciones el ejecutivo logr\u00f3 mejorar la oferta para la venta de una calle en una suma total de m\u00e1s de dos millones de d\u00f3lares.<\/p>\n\n\n\n<hr class=\"wp-block-separator has-alpha-channel-opacity\"\/>\n\n\n\n<p>El Municipio inform\u00f3 que <strong>enviar\u00e1 al Concejo Deliberante una ordenanza para la venta de una calle a la empresa Loma Negra, <\/strong>las negociaciones hab\u00edan empezado en el a\u00f1o 2022 seg\u00fan data en el expediente.<\/p>\n\n\n\n<p><\/p>\n\n\n\n<p>Desde el ejecutivo local confirmaron un acuerdo con Loma Negra para vender una calle pr\u00f3xima al acceso a la f\u00e1brica L\u00b4Amali, correspondiente a la red vial municipal 78-01-42 cuyas parcelas frentistas son: 343a, 353b y 354c, por una <strong>suma total de 2.305.000 de d\u00f3lares.<\/strong><\/p>\n\n\n\n<p><\/p>\n\n\n\n<p>En ese marco <strong>el intendente municipal Maximiliano Wesner explic\u00f3 c\u00f3mo se dieron las distintas negociaciones a lo largo de los 6 meses y adelant\u00f3 que el proyecto ser\u00e1 enviado al Concejo Deliberante<\/strong>: \u201ccomo primera medida, m\u00e1s all\u00e1 del primer aval\u00fao que hab\u00eda adjuntado la gesti\u00f3n anterior al expediente, cuando comenzamos nosotros las charlas con la empresa <strong>nos pusimos en contacto con la Universidad del Sur para tener un segundo c\u00e1lculo sobre en cuanto podr\u00eda estar valuado ese tramo de la calle<\/strong>, que es de todos los vecinos de Olavarr\u00eda y poder comparar. No porque uno sea mejor o peor, sino para tener m\u00e1s informaci\u00f3n\u201d.<\/p>\n\n\n\n<p><\/p>\n\n\n\n<blockquote class=\"wp-block-quote is-layout-flow wp-block-quote-is-layout-flow\">\n<p>En esa l\u00ednea Wesner detall\u00f3: \u201c<strong>tuvimos varios encuentros con representantes de la firma<\/strong>, hicimos distintas presentaciones argumentando un nuevo valor, en este sentido propusimos que se corroboren variaciones de precios y apoyados en los dos estudios <strong>pudimos negociar un monto superior, concretamente 600.000 d\u00f3lares m\u00e1s. <\/strong>Cabe destacar que es un dinero afectado, no es de libre disponibilidad y de aprobarse en el Concejo Deliberante tiene que ser destinado a desarrollo de infraestructura en Olavarr\u00eda y las localidades\u201d.<\/p>\n<\/blockquote>\n\n\n\n<p><\/p>\n\n\n\n<p>Seg\u00fan consta en el expediente los recursos que ingresen como resultado de la venta ser\u00e1n afectados de la siguiente forma:<strong> (60%) al desarrollo de infraestructura del Partido de Olavarr\u00eda y (40%) al desarrollo de infraestructura de las localidades.<\/strong> A su vez la empresa<strong> Loma Negra cede gratuitamente a la municipalidad una Porci\u00f3n de calle camino a 16 de Julio, de 5.632 metros.<\/strong><\/p>\n\n\n\n<p><\/p>\n\n\n\n<p>\u201c<strong>Nosotros fuimos muy cr\u00edticos con la venta de la calle a Cementos Avellaneda, est\u00e1bamos seguros que ten\u00eda un precio muy superior al que finalmente se vendi\u00f3, <\/strong>ped\u00edamos que se cuide el dinero de los olavarrienses. <strong>No est\u00e1bamos en contra del proyecto<\/strong> pero quer\u00edamos un an\u00e1lisis m\u00e1s espec\u00edfico desde lo econ\u00f3mico que a nuestro entender falt\u00f3 al tratarse del patrimonio de una ciudad. Esperamos que los bloques puedan acompa\u00f1arnos porque sin dudas este dinero, que mejor\u00f3 significativamente la oferta de la empresa, se va a traducir en obras para toda la comunidad\u201d, culmin\u00f3 el jefe comunal.<\/p>\n","protected":false},"excerpt":{"rendered":"<p>Luego de 6 meses de negociaciones el ejecutivo logr\u00f3 mejorar la oferta para la venta de una calle en una<\/p>\n","protected":false},"author":2,"featured_media":125745,"comment_status":"closed","ping_status":"closed","sticky":false,"template":"","format":"standard","meta":{"_jetpack_memberships_contains_paid_content":false,"footnotes":""},"categories":[5,1],"tags":[],"class_list":["post-125744","post","type-post","status-publish","format-standard","has-post-thumbnail","hentry","category-informacion-general","category-portada"],"jetpack_featured_media_url":"https:\/\/i0.wp.com\/cdnoticias.com\/wp-content\/uploads\/2024\/09\/loma-negra-calle.jpg?fit=800%2C445&ssl=1","jetpack_sharing_enabled":true,"_links":{"self":[{"href":"https:\/\/cdnoticias.com\/index.php\/wp-json\/wp\/v2\/posts\/125744","targetHints":{"allow":["GET"]}}],"collection":[{"href":"https:\/\/cdnoticias.com\/index.php\/wp-json\/wp\/v2\/posts"}],"about":[{"href":"https:\/\/cdnoticias.com\/index.php\/wp-json\/wp\/v2\/types\/post"}],"author":[{"embeddable":true,"href":"https:\/\/cdnoticias.com\/index.php\/wp-json\/wp\/v2\/users\/2"}],"replies":[{"embeddable":true,"href":"https:\/\/cdnoticias.com\/index.php\/wp-json\/wp\/v2\/comments?post=125744"}],"version-history":[{"count":0,"href":"https:\/\/cdnoticias.com\/index.php\/wp-json\/wp\/v2\/posts\/125744\/revisions"}],"wp:featuredmedia":[{"embeddable":true,"href":"https:\/\/cdnoticias.com\/index.php\/wp-json\/wp\/v2\/media\/125745"}],"wp:attachment":[{"href":"https:\/\/cdnoticias.com\/index.php\/wp-json\/wp\/v2\/media?parent=125744"}],"wp:term":[{"taxonomy":"category","embeddable":true,"href":"https:\/\/cdnoticias.com\/index.php\/wp-json\/wp\/v2\/categories?post=125744"},{"taxonomy":"post_tag","embeddable":true,"href":"https:\/\/cdnoticias.com\/index.php\/wp-json\/wp\/v2\/tags?post=125744"}],"curies":[{"name":"wp","href":"https:\/\/api.w.org\/{rel}","templated":true}]}}