{"id":125734,"date":"2024-09-18T13:50:33","date_gmt":"2024-09-18T16:50:33","guid":{"rendered":"https:\/\/cdnoticias.com\/?p=125734"},"modified":"2024-09-18T13:50:35","modified_gmt":"2024-09-18T16:50:35","slug":"este-viernes-sera-la-celebracion-por-el-dia-del-jubilado-y-la-jubilada","status":"publish","type":"post","link":"https:\/\/cdnoticias.com\/index.php\/2024\/09\/18\/este-viernes-sera-la-celebracion-por-el-dia-del-jubilado-y-la-jubilada\/","title":{"rendered":"Este viernes ser\u00e1 la celebraci\u00f3n por el D\u00eda del Jubilado y la Jubilada"},"content":{"rendered":"\n<p>Ser\u00e1 en la Casa del Bicentenario desde las 14:00 con entrada libre y gratuita. Habr\u00e1 actividades, feria, baile y sorteos.<\/p>\n\n\n\n<hr class=\"wp-block-separator has-alpha-channel-opacity\"\/>\n\n\n\n<p>Este viernes se realizar\u00e1 la <strong>celebraci\u00f3n por el D\u00eda del Jubilado y la Jubilada<\/strong>, en una jornada integral que se desarrollar\u00e1 en la Casa del Bicentenario, donde se ofrecer\u00e1n todo tipo de propuestas. La actividad se iniciar\u00e1 a partir de las 14 horas, con entrada libre y gratuita.<\/p>\n\n\n\n<p><\/p>\n\n\n\n<p>El <strong>20 de septiembre<\/strong> se celebra el d\u00eda del Jubilado en conmemoraci\u00f3n a lo ocurrido en el a\u00f1o 1904, con la sanci\u00f3n de la primera Ley de Jubilaci\u00f3n (Ley N\u00b0 4.349), correspondiente a funcionarios\/as, empleados\/as y agentes civiles del Estado. Esta ley reconoci\u00f3 por primera vez el beneficio previsional para los\/as empleados\/as p\u00fablicos\/as de la Naci\u00f3n, y se avanz\u00f3 con el sistema contributivo argentino. Con los a\u00f1os se extendi\u00f3 a otros gremios y actividades.<\/p>\n\n\n\n<p><\/p>\n\n\n\n<p>De esta manera se ha convertido en una fecha importante para <strong>promover los derechos de las personas mayores y, a la par, convocarlas a socializar, divertirse y trabajar sobre distintos temas.<\/strong><\/p>\n\n\n\n<p><\/p>\n\n\n\n<p>Con esa premisa es que desde la Direcci\u00f3n de Discapacidad y Personas Mayores del Municipio, en corresponsabilidad con las Subsecretar\u00edas de Deportes, de Desarrollo Social y de Cultura se ha organizado una jornada que brindar\u00e1 todo tipo de propuestas para que las personas que se acerquen<strong> disfruten de una tarde distinta, plena de diversi\u00f3n pero tambi\u00e9n con el \u00e9nfasis en la promoci\u00f3n de h\u00e1bitos saludables.<\/strong><\/p>\n\n\n\n<p><\/p>\n\n\n\n<p>El \u00fanico requisito que deber\u00e1n cumplir es <strong>acercarse con equipo de mate, reposera y merienda, como as\u00ed tambi\u00e9n muchas ganas de divertirse.<\/strong><\/p>\n\n\n\n<p><\/p>\n\n\n\n<p>La jornada se iniciar\u00e1 <strong>a partir de las 14 horas,<\/strong> con actividades y propuestas recreativas desplegadas desde la Subsecretar\u00eda de Deportes, a trav\u00e9s de profesores del staff de la Direcci\u00f3n de Deporte Social. De manera paralela, se realizar\u00e1n tambi\u00e9n actividades de promoci\u00f3n de la salud.<\/p>\n\n\n\n<p><\/p>\n\n\n\n<p>Por otra parte, se dispondr\u00e1 en el lugar un sector de<strong> feria con stands de productos elaborados por los Centros Recreativos Municipales.<\/strong><\/p>\n\n\n\n<p><\/p>\n\n\n\n<p>Tambi\u00e9n habr\u00e1 momento para el <strong>baile,<\/strong> ya que se contar\u00e1 con la <strong>presentaci\u00f3n de la banda \u201cAlma de Benjam\u00edn\u201d<\/strong>, show que ser\u00e1 adem\u00e1s la antesala al<strong> sorteo de 40 viajes individuales a las termas de Tapalqu\u00e9.<\/strong><\/p>\n","protected":false},"excerpt":{"rendered":"<p>Ser\u00e1 en la Casa del Bicentenario desde las 14:00 con entrada libre y gratuita. Habr\u00e1 actividades, feria, baile y sorteos.<\/p>\n","protected":false},"author":2,"featured_media":125735,"comment_status":"closed","ping_status":"closed","sticky":false,"template":"","format":"standard","meta":{"_jetpack_memberships_contains_paid_content":false,"footnotes":""},"categories":[5,1],"tags":[],"class_list":["post-125734","post","type-post","status-publish","format-standard","has-post-thumbnail","hentry","category-informacion-general","category-portada"],"jetpack_featured_media_url":"https:\/\/i0.wp.com\/cdnoticias.com\/wp-content\/uploads\/2024\/09\/dia-jubilados.jpg?fit=800%2C445&ssl=1","jetpack_sharing_enabled":true,"_links":{"self":[{"href":"https:\/\/cdnoticias.com\/index.php\/wp-json\/wp\/v2\/posts\/125734","targetHints":{"allow":["GET"]}}],"collection":[{"href":"https:\/\/cdnoticias.com\/index.php\/wp-json\/wp\/v2\/posts"}],"about":[{"href":"https:\/\/cdnoticias.com\/index.php\/wp-json\/wp\/v2\/types\/post"}],"author":[{"embeddable":true,"href":"https:\/\/cdnoticias.com\/index.php\/wp-json\/wp\/v2\/users\/2"}],"replies":[{"embeddable":true,"href":"https:\/\/cdnoticias.com\/index.php\/wp-json\/wp\/v2\/comments?post=125734"}],"version-history":[{"count":0,"href":"https:\/\/cdnoticias.com\/index.php\/wp-json\/wp\/v2\/posts\/125734\/revisions"}],"wp:featuredmedia":[{"embeddable":true,"href":"https:\/\/cdnoticias.com\/index.php\/wp-json\/wp\/v2\/media\/125735"}],"wp:attachment":[{"href":"https:\/\/cdnoticias.com\/index.php\/wp-json\/wp\/v2\/media?parent=125734"}],"wp:term":[{"taxonomy":"category","embeddable":true,"href":"https:\/\/cdnoticias.com\/index.php\/wp-json\/wp\/v2\/categories?post=125734"},{"taxonomy":"post_tag","embeddable":true,"href":"https:\/\/cdnoticias.com\/index.php\/wp-json\/wp\/v2\/tags?post=125734"}],"curies":[{"name":"wp","href":"https:\/\/api.w.org\/{rel}","templated":true}]}}