{"id":125721,"date":"2024-09-17T00:38:41","date_gmt":"2024-09-17T11:02:37","guid":{"rendered":"https:\/\/cdnoticias.com\/?p=125721"},"modified":"2025-02-13T23:02:59","modified_gmt":"2025-02-14T02:02:59","slug":"ferro-fue-el-dueno-del-clasico-del-riel","status":"publish","type":"post","link":"https:\/\/cdnoticias.com\/index.php\/2024\/09\/17\/ferro-fue-el-dueno-del-clasico-del-riel\/","title":{"rendered":"Ferro fue el due\u00f1o del \u201cCl\u00e1sico del Riel\u201d"},"content":{"rendered":"\n<div class=\"wp-block-group is-layout-constrained wp-block-group-is-layout-constrained\">\n<p>El \u201cCarbonero\u201d le gan\u00f3 2 a 0 a El Fort\u00edn en el Buglione Martinese y se acomod\u00f3 como escolta de Estudiantes en la Zona A.<!--more--><\/p>\n<hr \/>\n<p>El <strong>\u201cCl\u00e1sico del Riel\u201d<\/strong> tom\u00f3 rumbo para la avenida Pringles. Es que este lunes por la noche, <strong>en el cierre de la <a href=\"https:\/\/cdnoticias.com\/torneo-fatiga-russo-la-fecha-de-los-clasicos-tuvo-todo-el-color-pero-debe-un-cruce\/\">\u201cfecha de los cl\u00e1sicos\u201d<\/a>, Ferro derrot\u00f3 a El Fort\u00edn en el reducto \u201cChaira\u201d<\/strong> y reponerse r\u00e1pido tras la ca\u00edda ante Estudiantes en la jornada pasada.<\/p>\n<p>\u00a0<\/p>\n<p><strong>El \u201cCarbonero\u201d, con goles de Ram\u00f3n S\u00e1nchez de penal en el primer tiempo y de Juan Manuel Ponce en la etapa complementaria, se impuso 2 a 0 ante su cl\u00e1sico rival para retomar nuevamente el lugar de escolta en la Zona A.<\/strong><\/p>\n<p>\u00a0<\/p>\n<ul>\n<li>\n<h6><strong>El partido<\/strong><\/h6>\n<\/li>\n<\/ul>\n<p>\u00a0<\/p>\n<p>Favorable para Ferro, el marcador se abri\u00f3 r\u00e1pido en el c\u00e9sped del Buglione Martinese. <strong>El reloj marc\u00f3 apenas los 5\u2019 cuando Lisandro Rodr\u00edguez, por agarr\u00f3n de Barrientos a Ram\u00f3n S\u00e1nchez a cent\u00edmetros del \u00e1rea chica, decret\u00f3 tiro penal que, un minuto despu\u00e9s, el propio azule\u00f1o se la cambi\u00f3 de palo a Piecenti e intercambi\u00f3 acci\u00f3n por gol<\/strong>.<\/p>\n<p>\u00a0<\/p>\n<p>Todo le fue m\u00e1s f\u00e1cil al \u201cCarbonero\u201d con la ventaja encima. Tuvo, en l\u00edneas generales, un buen primer tiempo porque mantuvo la propuesta de ir hacia adelante, con la pelota en su dominio y con buenas apariciones de Hammerschmidt y Teves por las bandas.<\/p>\n<p>\u00a0<\/p>\n<p>[soliloquy id=&#8221;55239&#8243;]<\/p>\n<p>\u00a0<\/p>\n<p>A pesar de que los remates al arco no abundaron, Ferro casi encontr\u00f3 el segundo grito de la noche en la pelota parada. En el minuto 17, Campos se le anim\u00f3 al arco a pesar de que la falta fue a varios metros del arco y termin\u00f3 sorprendiendo a todos cuando la pelota dio en el travesa\u00f1o.<\/p>\n<p>\u00a0<\/p>\n<p>Por su parte, para El Fort\u00edn, fue un duro escollo disputar la pelota y pasar la mitad de la cancha. No encontr\u00f3 la solvencia para inquietar en momento alguno a Vedelini, que no intervino demasiado en la primera parte.<\/p>\n<p>\u00a0<\/p>\n<p>El segundo tiempo fue otra cosa. Baj\u00f3 la intensidad a nivel general y casi que no hubo disparos a los arcos, el juego se torn\u00f3 cerrado y se lateraliz\u00f3, aunque los dirigidos por Ram\u00edrez mostraron otra cara y encontraron m\u00e1s fluidez en el juego.<\/p>\n<p>\u00a0<\/p>\n<p>No obstante, pag\u00f3 caro una de las pocas llegadas del \u201cCarbonero\u201d en tal segmento. <strong>Teves, asistido por el \u201cPocho\u201d Gargaglione y de excelente maniobra individual por el sector derecho, busc\u00f3 el centro a zona de peligro y Juan Manuel Ponce, ingresado minutos atr\u00e1s, respondi\u00f3 con golpe de cabeza a contrapierna de Piecenti y decret\u00f3 el 2 \u2013 0 en el mejor momento del conjunto \u201cFortinero\u201d<\/strong>.<\/p>\n<p>\u00a0<\/p>\n<p>No sucedi\u00f3 nada trascendental en el tiempo posterior. Ferro se sujet\u00f3 al resultado obtenido y lo cuid\u00f3 hasta el pitazo final, mientras que para El Fort\u00edn el segundo grito fue un baldazo de agua fr\u00eda y la esperanza de poder llegar al descuento se fueron tornando nulas.<\/p>\n<p>\u00a0<\/p>\n<p>En la pr\u00f3xima fecha, a disputarse el venidero fin de semana,<strong> Ferro visitar\u00e1 a Hinojo<\/strong> en el Enrique De la Quintana, en tanto que <strong>El Fort\u00edn buscar\u00e1 la recuperaci\u00f3n en el Ricardo S\u00e1nchez frente a Colonias y Cerros<\/strong>.<\/p>\n<p>\u00a0<\/p>\n<p><strong>S\u00edntesis Ferro Carril Sud \u2013 El Fort\u00edn: \u00a0<\/strong><\/p>\n<p><strong>Ferro (2):<\/strong> Franco Vedelini; Emanuel Teves, Franco Aguirre, Math\u00edas Buongiorno, Mateo Tamagnini; Joaqu\u00edn Ayesa (S. Gonz\u00e1lez), Maximiliano Gargaglione, Jonathan Campos, Franco Hammerschmidt (J. Ponce); Ram\u00f3n S\u00e1nchez (Y. Gonz\u00e1lez) y Joaqu\u00edn Stular (R. Garro). DT: Rub\u00e9n Istillarte.<\/p>\n<p><strong>El Fort\u00edn (0): <\/strong>Facundo Piecenti (F. Peralta); Manuel Garrido, Andr\u00e9s Ilekis, Enzo Barrientos, Francisco Navarro (J. Luna); Mateo Guevara, Gabriel Bravo, Edgardo Maldonado, Felipe Barraza (T. L\u00f3pez); Leonardo Benito (D. Arce) y Lautaro Mar\u00edn (E. Appelhans). DT: N\u00e9stor Ram\u00edrez.<\/p>\n<p><strong>Goles<\/strong>: 6min PT Ram\u00f3n S\u00e1nchez \u2013 p \u2013 (FCS) y 24min ST Juan Manuel Ponce (FCS).<\/p>\n<p><strong>Amonestados<\/strong>: Gargaglione, Buongiorno y Aguirre (Ferro); Barrientos (El Fort\u00edn).<\/p>\n<p><strong>Expulsados<\/strong>: No hubo.<\/p>\n<p><strong>\u00c1rbitro<\/strong>: Lisandro Rodr\u00edguez. <strong>Estadio<\/strong>: Jos\u00e9 Buglione Martinese.<\/p>\n<\/div>\n","protected":false},"excerpt":{"rendered":"<p>El \u201cCarbonero\u201d le gan\u00f3 2 a 0 a El Fort\u00edn en el Buglione Martinese y se acomod\u00f3 como escolta de<\/p>\n","protected":false},"author":96739694,"featured_media":162753,"comment_status":"closed","ping_status":"closed","sticky":false,"template":"","format":"standard","meta":{"_jetpack_memberships_contains_paid_content":false,"footnotes":""},"categories":[35,1,41],"tags":[],"class_list":["post-125721","post","type-post","status-publish","format-standard","has-post-thumbnail","hentry","category-futbol","category-portada","category-primera-y-reserva"],"jetpack_featured_media_url":"https:\/\/i0.wp.com\/cdnoticias.com\/wp-content\/uploads\/2024\/09\/Ferro-vs-el-fortin-3.jpg?fit=1280%2C853&ssl=1","jetpack_sharing_enabled":true,"_links":{"self":[{"href":"https:\/\/cdnoticias.com\/index.php\/wp-json\/wp\/v2\/posts\/125721","targetHints":{"allow":["GET"]}}],"collection":[{"href":"https:\/\/cdnoticias.com\/index.php\/wp-json\/wp\/v2\/posts"}],"about":[{"href":"https:\/\/cdnoticias.com\/index.php\/wp-json\/wp\/v2\/types\/post"}],"author":[{"embeddable":true,"href":"https:\/\/cdnoticias.com\/index.php\/wp-json\/wp\/v2\/users\/96739694"}],"replies":[{"embeddable":true,"href":"https:\/\/cdnoticias.com\/index.php\/wp-json\/wp\/v2\/comments?post=125721"}],"version-history":[{"count":0,"href":"https:\/\/cdnoticias.com\/index.php\/wp-json\/wp\/v2\/posts\/125721\/revisions"}],"wp:featuredmedia":[{"embeddable":true,"href":"https:\/\/cdnoticias.com\/index.php\/wp-json\/wp\/v2\/media\/162753"}],"wp:attachment":[{"href":"https:\/\/cdnoticias.com\/index.php\/wp-json\/wp\/v2\/media?parent=125721"}],"wp:term":[{"taxonomy":"category","embeddable":true,"href":"https:\/\/cdnoticias.com\/index.php\/wp-json\/wp\/v2\/categories?post=125721"},{"taxonomy":"post_tag","embeddable":true,"href":"https:\/\/cdnoticias.com\/index.php\/wp-json\/wp\/v2\/tags?post=125721"}],"curies":[{"name":"wp","href":"https:\/\/api.w.org\/{rel}","templated":true}]}}