{"id":12570,"date":"2021-01-30T12:26:59","date_gmt":"2021-01-30T15:26:59","guid":{"rendered":"http:\/\/www.centraldenoticias.com.ar\/?p=12570"},"modified":"2021-01-30T13:40:55","modified_gmt":"2021-01-30T16:40:55","slug":"incendio-en-una-vivienda-un-hombre-fue-trasladado-al-hospital","status":"publish","type":"post","link":"https:\/\/cdnoticias.com\/index.php\/2021\/01\/30\/incendio-en-una-vivienda-un-hombre-fue-trasladado-al-hospital\/","title":{"rendered":"Incendio en una vivienda: un hombre fue trasladado al Hospital"},"content":{"rendered":"<p>Las llamas se declararon en inmediaciones de Ituzaing\u00f3 y Azopardo y afectaron una habitaci\u00f3n. Una persona demand\u00f3 asistencia m\u00e9dica por inhalaci\u00f3n de humo.<!--more--><\/p>\n<hr \/>\n<p><strong>A las 11 de este s\u00e1bado un incendio se declar\u00f3 en una vivienda del sector de Ituzaing\u00f3 y Azopardo<\/strong>. Las llamas afectaron a una habitaci\u00f3n ubicada en el primer piso de la casa 79 del barrio 104 Viviendas y <strong>un hombre debi\u00f3 ser asistido por inhalaci\u00f3n de humo<\/strong>.<\/p>\n<p>Al lugar concurri\u00f3 la <strong>unidad 16 de Bomberos<\/strong> a cargo del suboficial Jos\u00e9 Biancho que trabaj\u00f3 hasta las 11.40 en el lugar.<\/p>\n<p><img data-recalc-dims=\"1\" loading=\"lazy\" decoding=\"async\" class=\"aligncenter wp-image-12574 size-full\" src=\"https:\/\/i0.wp.com\/cdnoticias.com\/wp-content\/uploads\/2021\/01\/incendio00.jpg?resize=800%2C445&#038;ssl=1\" alt=\"\" width=\"800\" height=\"445\" srcset=\"https:\/\/i0.wp.com\/cdnoticias.com\/wp-content\/uploads\/2021\/01\/incendio00.jpg?w=800&amp;ssl=1 800w, https:\/\/i0.wp.com\/cdnoticias.com\/wp-content\/uploads\/2021\/01\/incendio00.jpg?resize=300%2C167&amp;ssl=1 300w, https:\/\/i0.wp.com\/cdnoticias.com\/wp-content\/uploads\/2021\/01\/incendio00.jpg?resize=768%2C427&amp;ssl=1 768w\" sizes=\"auto, (max-width: 800px) 100vw, 800px\" \/><\/p>\n<p>Extinguieron las llamas, enfriaron los muebles alcanzados por el fuego y ventilaron la habitaci\u00f3n.<\/p>\n<p>Adem\u00e1s, <strong>se requiri\u00f3 la asistencia de una ambulancia de SAME que atendi\u00f3 a un hombre que hab\u00eda inhalado humo<\/strong>.<\/p>\n<p>Se pudo saber que fue trasladado al Hospital Municipal y <strong>se encontraba en buen estado de salud<\/strong>.<\/p>\n<p><img data-recalc-dims=\"1\" loading=\"lazy\" decoding=\"async\" class=\"aligncenter wp-image-12573 size-full\" src=\"https:\/\/i0.wp.com\/cdnoticias.com\/wp-content\/uploads\/2021\/01\/incendio03.jpg?resize=800%2C445&#038;ssl=1\" alt=\"\" width=\"800\" height=\"445\" srcset=\"https:\/\/i0.wp.com\/cdnoticias.com\/wp-content\/uploads\/2021\/01\/incendio03.jpg?w=800&amp;ssl=1 800w, https:\/\/i0.wp.com\/cdnoticias.com\/wp-content\/uploads\/2021\/01\/incendio03.jpg?resize=300%2C167&amp;ssl=1 300w, https:\/\/i0.wp.com\/cdnoticias.com\/wp-content\/uploads\/2021\/01\/incendio03.jpg?resize=768%2C427&amp;ssl=1 768w\" sizes=\"auto, (max-width: 800px) 100vw, 800px\" \/><\/p>\n<p>En la habitaci\u00f3n incendiada<strong> las p\u00e9rdidas fueron totales<\/strong>. Las llamas afectaron al mobiliario y a las instalaciones.<\/p>\n<p>Hasta el lugar tambi\u00e9n concurrieron numerosos m\u00f3viles policiales que colaboraron en el corte de circulaci\u00f3n para la labor de los Bomberos.<\/p>\n<p><img data-recalc-dims=\"1\" loading=\"lazy\" decoding=\"async\" class=\"aligncenter wp-image-12572 size-full\" src=\"https:\/\/i0.wp.com\/cdnoticias.com\/wp-content\/uploads\/2021\/01\/incendio02-1.jpg?resize=800%2C445&#038;ssl=1\" alt=\"\" width=\"800\" height=\"445\" srcset=\"https:\/\/i0.wp.com\/cdnoticias.com\/wp-content\/uploads\/2021\/01\/incendio02-1.jpg?w=800&amp;ssl=1 800w, https:\/\/i0.wp.com\/cdnoticias.com\/wp-content\/uploads\/2021\/01\/incendio02-1.jpg?resize=300%2C167&amp;ssl=1 300w, https:\/\/i0.wp.com\/cdnoticias.com\/wp-content\/uploads\/2021\/01\/incendio02-1.jpg?resize=768%2C427&amp;ssl=1 768w\" sizes=\"auto, (max-width: 800px) 100vw, 800px\" \/><\/p>\n","protected":false},"excerpt":{"rendered":"<p>Las llamas se declararon en inmediaciones de Ituzaing\u00f3 y Azopardo y afectaron una habitaci\u00f3n. Una persona demand\u00f3 asistencia m\u00e9dica por<\/p>\n","protected":false},"author":4,"featured_media":12574,"comment_status":"closed","ping_status":"closed","sticky":false,"template":"","format":"standard","meta":{"_jetpack_memberships_contains_paid_content":false,"footnotes":""},"categories":[14,1],"tags":[],"class_list":["post-12570","post","type-post","status-publish","format-standard","has-post-thumbnail","hentry","category-policiales","category-portada"],"jetpack_featured_media_url":"https:\/\/i0.wp.com\/cdnoticias.com\/wp-content\/uploads\/2021\/01\/incendio00.jpg?fit=800%2C445&ssl=1","jetpack_sharing_enabled":true,"_links":{"self":[{"href":"https:\/\/cdnoticias.com\/index.php\/wp-json\/wp\/v2\/posts\/12570","targetHints":{"allow":["GET"]}}],"collection":[{"href":"https:\/\/cdnoticias.com\/index.php\/wp-json\/wp\/v2\/posts"}],"about":[{"href":"https:\/\/cdnoticias.com\/index.php\/wp-json\/wp\/v2\/types\/post"}],"author":[{"embeddable":true,"href":"https:\/\/cdnoticias.com\/index.php\/wp-json\/wp\/v2\/users\/4"}],"replies":[{"embeddable":true,"href":"https:\/\/cdnoticias.com\/index.php\/wp-json\/wp\/v2\/comments?post=12570"}],"version-history":[{"count":0,"href":"https:\/\/cdnoticias.com\/index.php\/wp-json\/wp\/v2\/posts\/12570\/revisions"}],"wp:featuredmedia":[{"embeddable":true,"href":"https:\/\/cdnoticias.com\/index.php\/wp-json\/wp\/v2\/media\/12574"}],"wp:attachment":[{"href":"https:\/\/cdnoticias.com\/index.php\/wp-json\/wp\/v2\/media?parent=12570"}],"wp:term":[{"taxonomy":"category","embeddable":true,"href":"https:\/\/cdnoticias.com\/index.php\/wp-json\/wp\/v2\/categories?post=12570"},{"taxonomy":"post_tag","embeddable":true,"href":"https:\/\/cdnoticias.com\/index.php\/wp-json\/wp\/v2\/tags?post=12570"}],"curies":[{"name":"wp","href":"https:\/\/api.w.org\/{rel}","templated":true}]}}