{"id":125657,"date":"2024-09-16T12:23:27","date_gmt":"2024-09-16T15:23:27","guid":{"rendered":"https:\/\/cdnoticias.com\/?p=125657"},"modified":"2024-09-16T16:26:22","modified_gmt":"2024-09-16T19:26:22","slug":"exitosa-segunda-edicion-del-festival-latinoamericano-de-cortometrajes-de-olavarria","status":"publish","type":"post","link":"https:\/\/cdnoticias.com\/index.php\/2024\/09\/16\/exitosa-segunda-edicion-del-festival-latinoamericano-de-cortometrajes-de-olavarria\/","title":{"rendered":"Exitosa segunda edici\u00f3n del Festival Latinoamericano de Cortometrajes de Olavarr\u00eda"},"content":{"rendered":"\n<p>En dos nutridas jornadas cargadas de actividades, hubo entrega de reconocimientos y premiaci\u00f3n en varias categor\u00edas. La Orquesta Municipal cerr\u00f3 la actividad.<\/p>\n\n\n\n<hr class=\"wp-block-separator aligncenter has-alpha-channel-opacity\"\/>\n\n\n\n<p>Durante este fin de semana<strong> se llev\u00f3 a cabo la segunda edici\u00f3n del Festival Latinoamericano de Cortometrajes de Olavarr\u00eda (FeLCO), con una nutrida propuesta, que incluy\u00f3 proyecciones, paneles, talleres y m\u00fasica en vivo.<\/strong><\/p>\n\n\n\n<p>Durante el s\u00e1bado 13 y domingo 14, <strong>el Teatro Municipal fue la sede principal de proyecciones, pero el programa contempl\u00f3 adem\u00e1s actividades en el CePEAC, el Centro Cultural \u201cSan Jos\u00e9\u201d, el Museo de Loma Negra, el Club San Mart\u00edn de Sierras Bayas y el espacio Cultural Insurgente.<\/strong><\/p>\n\n\n\n<figure class=\"wp-block-image size-large\"><img data-recalc-dims=\"1\" loading=\"lazy\" decoding=\"async\" width=\"800\" height=\"534\" src=\"https:\/\/i0.wp.com\/cdnoticias.com\/wp-content\/uploads\/2024\/09\/FELCO-2024-4-scaled-1.jpg?resize=800%2C534&#038;ssl=1\" alt=\"\" class=\"wp-image-125665\" srcset=\"https:\/\/i0.wp.com\/cdnoticias.com\/wp-content\/uploads\/2024\/09\/FELCO-2024-4-scaled-1.jpg?resize=1024%2C683&amp;ssl=1 1024w, https:\/\/i0.wp.com\/cdnoticias.com\/wp-content\/uploads\/2024\/09\/FELCO-2024-4-scaled-1.jpg?resize=300%2C200&amp;ssl=1 300w, https:\/\/i0.wp.com\/cdnoticias.com\/wp-content\/uploads\/2024\/09\/FELCO-2024-4-scaled-1.jpg?resize=768%2C512&amp;ssl=1 768w, https:\/\/i0.wp.com\/cdnoticias.com\/wp-content\/uploads\/2024\/09\/FELCO-2024-4-scaled-1.jpg?resize=1536%2C1024&amp;ssl=1 1536w, https:\/\/i0.wp.com\/cdnoticias.com\/wp-content\/uploads\/2024\/09\/FELCO-2024-4-scaled-1.jpg?resize=2048%2C1366&amp;ssl=1 2048w, https:\/\/i0.wp.com\/cdnoticias.com\/wp-content\/uploads\/2024\/09\/FELCO-2024-4-scaled-1.jpg?resize=272%2C182&amp;ssl=1 272w, https:\/\/i0.wp.com\/cdnoticias.com\/wp-content\/uploads\/2024\/09\/FELCO-2024-4-scaled-1.jpg?w=1600&amp;ssl=1 1600w, https:\/\/i0.wp.com\/cdnoticias.com\/wp-content\/uploads\/2024\/09\/FELCO-2024-4-scaled-1.jpg?w=2400&amp;ssl=1 2400w\" sizes=\"auto, (max-width: 800px) 100vw, 800px\" \/><\/figure>\n\n\n\n<p>El evento fue organizado por los olavarrienses <strong>Sebasti\u00e1n Magallanes y Roberto Vecchi<\/strong>, con el apoyo del Municipio de Olavarr\u00eda, el Centro de Empleados de Comercio de Olavarr\u00eda, la Facultad de Ciencias Sociales, Black Mandala Films, Centro Pinturer\u00edas y el Instituto Cultural de la Provincia de Buenos Aires.<\/p>\n\n\n\n<p>Cabe destacar que<strong> el Festival Latinoamericano de Cortometrajes de Olavarr\u00eda fue declarado de Inter\u00e9s Legislativo Municipal por el Honorable Concejo Deliberante y reconocido por la C\u00e1mara de Diputados de la Provincia de Buenos Aires.<\/strong><\/p>\n\n\n\n<figure class=\"wp-block-image size-large\"><img data-recalc-dims=\"1\" loading=\"lazy\" decoding=\"async\" width=\"800\" height=\"530\" src=\"https:\/\/i0.wp.com\/cdnoticias.com\/wp-content\/uploads\/2024\/09\/Cierre-FELCO-11-scaled-1.jpg?resize=800%2C530&#038;ssl=1\" alt=\"\" class=\"wp-image-125661\" srcset=\"https:\/\/i0.wp.com\/cdnoticias.com\/wp-content\/uploads\/2024\/09\/Cierre-FELCO-11-scaled-1.jpg?resize=1024%2C679&amp;ssl=1 1024w, https:\/\/i0.wp.com\/cdnoticias.com\/wp-content\/uploads\/2024\/09\/Cierre-FELCO-11-scaled-1.jpg?resize=300%2C199&amp;ssl=1 300w, https:\/\/i0.wp.com\/cdnoticias.com\/wp-content\/uploads\/2024\/09\/Cierre-FELCO-11-scaled-1.jpg?resize=768%2C509&amp;ssl=1 768w, https:\/\/i0.wp.com\/cdnoticias.com\/wp-content\/uploads\/2024\/09\/Cierre-FELCO-11-scaled-1.jpg?resize=1536%2C1019&amp;ssl=1 1536w, https:\/\/i0.wp.com\/cdnoticias.com\/wp-content\/uploads\/2024\/09\/Cierre-FELCO-11-scaled-1.jpg?resize=2048%2C1358&amp;ssl=1 2048w, https:\/\/i0.wp.com\/cdnoticias.com\/wp-content\/uploads\/2024\/09\/Cierre-FELCO-11-scaled-1.jpg?w=1600&amp;ssl=1 1600w, https:\/\/i0.wp.com\/cdnoticias.com\/wp-content\/uploads\/2024\/09\/Cierre-FELCO-11-scaled-1.jpg?w=2400&amp;ssl=1 2400w\" sizes=\"auto, (max-width: 800px) 100vw, 800px\" \/><\/figure>\n\n\n\n<figure class=\"wp-block-image size-large\"><img data-recalc-dims=\"1\" loading=\"lazy\" decoding=\"async\" width=\"800\" height=\"489\" src=\"https:\/\/i0.wp.com\/cdnoticias.com\/wp-content\/uploads\/2024\/09\/Cierre-FELCO-9-scaled-1.jpg?resize=800%2C489&#038;ssl=1\" alt=\"\" class=\"wp-image-125659\" srcset=\"https:\/\/i0.wp.com\/cdnoticias.com\/wp-content\/uploads\/2024\/09\/Cierre-FELCO-9-scaled-1.jpg?resize=1024%2C626&amp;ssl=1 1024w, https:\/\/i0.wp.com\/cdnoticias.com\/wp-content\/uploads\/2024\/09\/Cierre-FELCO-9-scaled-1.jpg?resize=300%2C183&amp;ssl=1 300w, https:\/\/i0.wp.com\/cdnoticias.com\/wp-content\/uploads\/2024\/09\/Cierre-FELCO-9-scaled-1.jpg?resize=768%2C469&amp;ssl=1 768w, https:\/\/i0.wp.com\/cdnoticias.com\/wp-content\/uploads\/2024\/09\/Cierre-FELCO-9-scaled-1.jpg?resize=1536%2C938&amp;ssl=1 1536w, https:\/\/i0.wp.com\/cdnoticias.com\/wp-content\/uploads\/2024\/09\/Cierre-FELCO-9-scaled-1.jpg?resize=2048%2C1251&amp;ssl=1 2048w, https:\/\/i0.wp.com\/cdnoticias.com\/wp-content\/uploads\/2024\/09\/Cierre-FELCO-9-scaled-1.jpg?w=1600&amp;ssl=1 1600w, https:\/\/i0.wp.com\/cdnoticias.com\/wp-content\/uploads\/2024\/09\/Cierre-FELCO-9-scaled-1.jpg?w=2400&amp;ssl=1 2400w\" sizes=\"auto, (max-width: 800px) 100vw, 800px\" \/><\/figure>\n\n\n\n<p>El intendente Maximiliano Wesner y el presidente del Concejo Deliberante Guillermo Santell\u00e1n participaron del cierre, que se llev\u00f3 a cabo este domingo, en el Teatro Municipal. En la oportunidad, <strong>los organizadores del festival recibieron el decreto de Inter\u00e9s Legislativo Municipal de la segunda edici\u00f3n del FeLCO, que fue otorgado por el HCD.<\/strong><\/p>\n\n\n\n<p>Asimismo, <strong>durante la noche del domingo se realiz\u00f3 la entrega de premios, donde se galardon\u00f3 a los tres mejores cortometrajes, seg\u00fan el voto del jurado, y se entreg\u00f3 adem\u00e1s la menci\u00f3n \u201cCristina Silverii\u201d a la producci\u00f3n local.<\/strong> En esta edici\u00f3n la productora Black Mandala Films, uno de los auspiciantes, reconoci\u00f3 al mejor corto de terror.<\/p>\n\n\n\n<figure class=\"wp-block-image size-large\"><img data-recalc-dims=\"1\" loading=\"lazy\" decoding=\"async\" width=\"800\" height=\"517\" src=\"https:\/\/i0.wp.com\/cdnoticias.com\/wp-content\/uploads\/2024\/09\/Cierre-FELCO-1-scaled-1.jpg?resize=800%2C517&#038;ssl=1\" alt=\"\" class=\"wp-image-125658\" srcset=\"https:\/\/i0.wp.com\/cdnoticias.com\/wp-content\/uploads\/2024\/09\/Cierre-FELCO-1-scaled-1.jpg?resize=1024%2C662&amp;ssl=1 1024w, https:\/\/i0.wp.com\/cdnoticias.com\/wp-content\/uploads\/2024\/09\/Cierre-FELCO-1-scaled-1.jpg?resize=300%2C194&amp;ssl=1 300w, https:\/\/i0.wp.com\/cdnoticias.com\/wp-content\/uploads\/2024\/09\/Cierre-FELCO-1-scaled-1.jpg?resize=768%2C496&amp;ssl=1 768w, https:\/\/i0.wp.com\/cdnoticias.com\/wp-content\/uploads\/2024\/09\/Cierre-FELCO-1-scaled-1.jpg?resize=1536%2C992&amp;ssl=1 1536w, https:\/\/i0.wp.com\/cdnoticias.com\/wp-content\/uploads\/2024\/09\/Cierre-FELCO-1-scaled-1.jpg?resize=2048%2C1323&amp;ssl=1 2048w, https:\/\/i0.wp.com\/cdnoticias.com\/wp-content\/uploads\/2024\/09\/Cierre-FELCO-1-scaled-1.jpg?w=1600&amp;ssl=1 1600w, https:\/\/i0.wp.com\/cdnoticias.com\/wp-content\/uploads\/2024\/09\/Cierre-FELCO-1-scaled-1.jpg?w=2400&amp;ssl=1 2400w\" sizes=\"auto, (max-width: 800px) 100vw, 800px\" \/><\/figure>\n\n\n\n<p class=\"has-large-font-size\">Los premiados<\/p>\n\n\n\n<p><strong>Ganador dise\u00f1o de poster:<\/strong> Federico Naselli, estudiante de la escuela de artes Miguel \u00c1ngel Galgano.<\/p>\n\n\n\n<p><strong>Menci\u00f3n a la producci\u00f3n local \u201cCristina Silverii\u201d: <\/strong>cortometraje \u00abEl Mensaje\u00bb, Facundo Azuaga, 2024<\/p>\n\n\n\n<p><strong>Mejor cortometraje de terror auspiciado por Black Mandala Films: <\/strong>Cortometraje \u00abOcularis\u00bb, Juanzi Amaya y Alejandro Bogado (Argentina), 2024.<\/p>\n\n\n\n<p><strong>Tercer premio mejor cortometraje:<\/strong> \u201cSue\u00f1o Finland\u00e9s y Paran\u00f3ico\u201d, Directora: Jimena Aguilar (Argentina), 2024.<\/p>\n\n\n\n<p><strong>Segundo premio mejor cortometraje:<\/strong> \u201cExento\u201d, Director: Otto Morales (Cuba), 2024.<\/p>\n\n\n\n<p><strong>Primer premio mejor cortometraje: <\/strong>\u201cL\u00ednea de Flotaci\u00f3n\u201d, Directores: Lucila De Oto y Gast\u00f3n Bonalve (Argentina), 2024<\/p>\n\n\n\n<p>El<strong> jurado responsable de evaluar los cortometrajes <\/strong>fue integrado por: Roger Koza, reconocido cr\u00edtico de cine y programador del Viennale Film Fest Hamburg; Romina Schwedler, directora y actriz; Federico Bezenzette, director, guionista y productor; Mar\u00eda Eugenia Rigon, actriz; Federico Venzi, actor y director; Berenice Kiddo, dramaturga y licenciada en direcci\u00f3n esc\u00e9nica; Carla Andr\u00e9s, creadora de contenido de cine; Diego Bianchi, director; Roc\u00edo Mart\u00ednez Benz, directora.<\/p>\n\n\n\n<p><strong>Las estatuillas que se entregaron a los ganadores fueron realizadas por la Escuela Municipal de Cer\u00e1mica de Sierras Bayas<\/strong>. A la par, en la ocasi\u00f3n tambi\u00e9n se present\u00f3 el p\u00f3ster oficial del FeLCO 2024, cuyo dise\u00f1o fue parte de una convocatoria para estudiantes de secundaria y de Artes Visuales de Olavarr\u00eda.<\/p>\n\n\n\n<p>El cierre de la \u00faltima jornada estuvo a cargo de la <strong>Orquesta Sinf\u00f3nica Municipal de Olavarr\u00eda, dirigida por el maestro Diego Lurbe, quien interpret\u00f3 m\u00fasica de pel\u00edcula.<\/strong><\/p>\n\n\n\n<p class=\"has-large-font-size\">Sobre el programa<\/p>\n\n\n\n<figure class=\"wp-block-image size-large\"><img data-recalc-dims=\"1\" loading=\"lazy\" decoding=\"async\" width=\"800\" height=\"495\" src=\"https:\/\/i0.wp.com\/cdnoticias.com\/wp-content\/uploads\/2024\/09\/FELCO-2024-5-scaled-1.jpg?resize=800%2C495&#038;ssl=1\" alt=\"\" class=\"wp-image-125666\" srcset=\"https:\/\/i0.wp.com\/cdnoticias.com\/wp-content\/uploads\/2024\/09\/FELCO-2024-5-scaled-1.jpg?resize=1024%2C634&amp;ssl=1 1024w, https:\/\/i0.wp.com\/cdnoticias.com\/wp-content\/uploads\/2024\/09\/FELCO-2024-5-scaled-1.jpg?resize=300%2C186&amp;ssl=1 300w, https:\/\/i0.wp.com\/cdnoticias.com\/wp-content\/uploads\/2024\/09\/FELCO-2024-5-scaled-1.jpg?resize=768%2C476&amp;ssl=1 768w, https:\/\/i0.wp.com\/cdnoticias.com\/wp-content\/uploads\/2024\/09\/FELCO-2024-5-scaled-1.jpg?resize=1536%2C952&amp;ssl=1 1536w, https:\/\/i0.wp.com\/cdnoticias.com\/wp-content\/uploads\/2024\/09\/FELCO-2024-5-scaled-1.jpg?resize=2048%2C1269&amp;ssl=1 2048w, https:\/\/i0.wp.com\/cdnoticias.com\/wp-content\/uploads\/2024\/09\/FELCO-2024-5-scaled-1.jpg?w=1600&amp;ssl=1 1600w, https:\/\/i0.wp.com\/cdnoticias.com\/wp-content\/uploads\/2024\/09\/FELCO-2024-5-scaled-1.jpg?w=2400&amp;ssl=1 2400w\" sizes=\"auto, (max-width: 800px) 100vw, 800px\" \/><\/figure>\n\n\n\n<p><strong>Las actividades complementarias del FeLCO se iniciaron el viernes por la noche en el Centro Cultural Municipal \u201cSan Jos\u00e9\u201d con la inauguraci\u00f3n de la muestra \u201cEl cine en Olavarr\u00eda: la historia m\u00e1s all\u00e1 de la pantalla<\/strong>\u201d, con la presencia del intendente Wesner, la directora de Gesti\u00f3n Cultural del Municipio Sofia Ar\u00e9valo, y Sebasti\u00e1n Magallanes, uno de los organizadores del evento.<\/p>\n\n\n\n<p><strong>El Festival de Cortometrajes en s\u00ed comenz\u00f3 el s\u00e1bado 14 por la ma\u00f1ana en el CePEAC<\/strong> con un taller de animaci\u00f3n Stop Motion, a cargo del profesor de pl\u00e1stica Leonardo Barcelona. En el mismo lugar, por la tarde realizadores audiovisuales de Olavarr\u00eda formaron parte de un panel de Cine Autogestivo. La mesa estuvo integrada por Mariano Gregorini, dise\u00f1ador de imagen y sonido; Ver\u00f3nica Eseberri, dise\u00f1adora de imagen y sonido; Patricio Marino, guionista de cine y TV y licenciado en producci\u00f3n audiovisual y Diego Bianchi, realizador audiovisual.<\/p>\n\n\n\n<p>Ese mismo d\u00eda<strong> se proyectaron de manera simult\u00e1nea en el Museo Municipal de Loma Negra y el Club San Mart\u00edn de Sierras Bayas los cortometrajes ganadores de la primera edici\u00f3n del Festival.<\/strong><\/p>\n\n\n\n<figure class=\"wp-block-image size-large\"><img data-recalc-dims=\"1\" loading=\"lazy\" decoding=\"async\" width=\"800\" height=\"534\" src=\"https:\/\/i0.wp.com\/cdnoticias.com\/wp-content\/uploads\/2024\/09\/FELCO-2024-3-scaled-1.jpg?resize=800%2C534&#038;ssl=1\" alt=\"\" class=\"wp-image-125664\" srcset=\"https:\/\/i0.wp.com\/cdnoticias.com\/wp-content\/uploads\/2024\/09\/FELCO-2024-3-scaled-1.jpg?resize=1024%2C683&amp;ssl=1 1024w, https:\/\/i0.wp.com\/cdnoticias.com\/wp-content\/uploads\/2024\/09\/FELCO-2024-3-scaled-1.jpg?resize=300%2C200&amp;ssl=1 300w, https:\/\/i0.wp.com\/cdnoticias.com\/wp-content\/uploads\/2024\/09\/FELCO-2024-3-scaled-1.jpg?resize=768%2C512&amp;ssl=1 768w, https:\/\/i0.wp.com\/cdnoticias.com\/wp-content\/uploads\/2024\/09\/FELCO-2024-3-scaled-1.jpg?resize=1536%2C1024&amp;ssl=1 1536w, https:\/\/i0.wp.com\/cdnoticias.com\/wp-content\/uploads\/2024\/09\/FELCO-2024-3-scaled-1.jpg?resize=2048%2C1366&amp;ssl=1 2048w, https:\/\/i0.wp.com\/cdnoticias.com\/wp-content\/uploads\/2024\/09\/FELCO-2024-3-scaled-1.jpg?resize=272%2C182&amp;ssl=1 272w, https:\/\/i0.wp.com\/cdnoticias.com\/wp-content\/uploads\/2024\/09\/FELCO-2024-3-scaled-1.jpg?w=1600&amp;ssl=1 1600w, https:\/\/i0.wp.com\/cdnoticias.com\/wp-content\/uploads\/2024\/09\/FELCO-2024-3-scaled-1.jpg?w=2400&amp;ssl=1 2400w\" sizes=\"auto, (max-width: 800px) 100vw, 800px\" \/><\/figure>\n\n\n\n<p>El acto de apertura del evento fue el s\u00e1bado por la tarde en el Teatro Municipal. <strong>Tras el mismo comenzaron las proyecciones de los cortometrajes que forman parte de las categor\u00edas Competencia Oficial 2024 y Fuera de Competencia.<\/strong><\/p>\n\n\n\n<p>Por la noche del s\u00e1bado, <strong>al finalizar la primera jornada de proyecciones, se realiz\u00f3 en el Teatro Municipal el panel \u201cIndustria Argentina: pensar y hacer cine\u201d. El mismo estuvo integrado por Anah\u00ed Berneri, guionista y directora; Teo Ciampagna, director audiovisual y creativo publicitario y Andr\u00e9s Habegger, director de cine y televisi\u00f3n y documentalista.<\/strong><\/p>\n\n\n\n<p>El domingo por la tarde en el Centro Cultural Municipal \u201cSan Jos\u00e9\u201d tuvo lugar un taller de Gui\u00f3n y Montaje a cargo de Roberto Vecchi y Mat\u00edas Carri\u00f3n. <strong>Mientras que en el Teatro Municipal se realiz\u00f3 la segunda jornada de proyecciones de cortometrajes 2024, el acto de cierre y premiaci\u00f3n.<\/strong><\/p>\n","protected":false},"excerpt":{"rendered":"<p>En dos nutridas jornadas cargadas de actividades, hubo entrega de reconocimientos y premiaci\u00f3n en varias categor\u00edas. La Orquesta Municipal cerr\u00f3<\/p>\n","protected":false},"author":2,"featured_media":125662,"comment_status":"closed","ping_status":"closed","sticky":false,"template":"","format":"standard","meta":{"_jetpack_memberships_contains_paid_content":false,"footnotes":""},"categories":[9,1],"tags":[],"class_list":["post-125657","post","type-post","status-publish","format-standard","has-post-thumbnail","hentry","category-cultura","category-portada"],"jetpack_featured_media_url":"https:\/\/i0.wp.com\/cdnoticias.com\/wp-content\/uploads\/2024\/09\/Cierre-FELCO-12-scaled-1.jpg?fit=2560%2C1667&ssl=1","jetpack_sharing_enabled":true,"_links":{"self":[{"href":"https:\/\/cdnoticias.com\/index.php\/wp-json\/wp\/v2\/posts\/125657","targetHints":{"allow":["GET"]}}],"collection":[{"href":"https:\/\/cdnoticias.com\/index.php\/wp-json\/wp\/v2\/posts"}],"about":[{"href":"https:\/\/cdnoticias.com\/index.php\/wp-json\/wp\/v2\/types\/post"}],"author":[{"embeddable":true,"href":"https:\/\/cdnoticias.com\/index.php\/wp-json\/wp\/v2\/users\/2"}],"replies":[{"embeddable":true,"href":"https:\/\/cdnoticias.com\/index.php\/wp-json\/wp\/v2\/comments?post=125657"}],"version-history":[{"count":0,"href":"https:\/\/cdnoticias.com\/index.php\/wp-json\/wp\/v2\/posts\/125657\/revisions"}],"wp:featuredmedia":[{"embeddable":true,"href":"https:\/\/cdnoticias.com\/index.php\/wp-json\/wp\/v2\/media\/125662"}],"wp:attachment":[{"href":"https:\/\/cdnoticias.com\/index.php\/wp-json\/wp\/v2\/media?parent=125657"}],"wp:term":[{"taxonomy":"category","embeddable":true,"href":"https:\/\/cdnoticias.com\/index.php\/wp-json\/wp\/v2\/categories?post=125657"},{"taxonomy":"post_tag","embeddable":true,"href":"https:\/\/cdnoticias.com\/index.php\/wp-json\/wp\/v2\/tags?post=125657"}],"curies":[{"name":"wp","href":"https:\/\/api.w.org\/{rel}","templated":true}]}}