{"id":125640,"date":"2024-09-16T09:04:47","date_gmt":"2024-09-16T12:04:47","guid":{"rendered":"https:\/\/cdnoticias.com\/?p=125640"},"modified":"2024-09-16T09:04:49","modified_gmt":"2024-09-16T12:04:49","slug":"la-diputada-azulena-laura-aloisi-se-reunio-con-la-vicegobernadora-veronica-magario","status":"publish","type":"post","link":"https:\/\/cdnoticias.com\/index.php\/2024\/09\/16\/la-diputada-azulena-laura-aloisi-se-reunio-con-la-vicegobernadora-veronica-magario\/","title":{"rendered":"La diputada azule\u00f1a Laura Aloisi se reuni\u00f3 con la vicegobernadora Ver\u00f3nica Magario"},"content":{"rendered":"\n<p>Fue d\u00edas pasados en la C\u00e1mara de Senadores. Di\u00e1logo sobre la situaci\u00f3n econ\u00f3mica, el comunicado de Oceba por la prohibici\u00f3n de pago de tasas en facturas de servicios, y \u201cla preocupante situaci\u00f3n que atraviesa el Municipio de Azul\u201d, los temas.<\/p>\n\n\n\n<hr class=\"wp-block-separator aligncenter has-alpha-channel-opacity\"\/>\n\n\n\n<p>D\u00edas atr\u00e1s<strong>, la diputada provincial azu\u00f1ela, Laura Aloisi, fue recibida en el Senado por la vicegobernadora Ver\u00f3nica Magario para dialogar sobre diversos temas pol\u00edticos y de gesti\u00f3n. La legisladora transmiti\u00f3 \u201cla preocupante situaci\u00f3n que atraviesa el Municipio de Azul\u201d.<\/strong><\/p>\n\n\n\n<p>En principio, Magario coment\u00f3 <em>\u201csobre las circunstancias, cada vez m\u00e1s desfavorables, que condicionan las pol\u00edticas provinciales, meses de adversidad que tienen su origen en el abandono que de las y los bonaerenses sigue siendo el gobierno de Javier Milei\u201d.<\/em><\/p>\n\n\n\n<p>Acodaron que en respuesta <em>\u201ca esa pol\u00edtica desamparo y retracci\u00f3n del Estado es el sostenimiento de las pol\u00edticas p\u00fablicas, el Estado presente que caracteriza la gesti\u00f3n del compa\u00f1ero gobernador Axel Kicillof y de la compa\u00f1era Magario\u201d <\/em>en materia de <em><strong>\u201csalud, educaci\u00f3n, trabajo, vivienda, derechos que ha venido a dinamitar el presidente de la Naci\u00f3n, quien todav\u00eda se jacta de ser \u201cun topo en el Estado\u201d y disfruta con su mezquindad al destruirlo, crueldad que sufren todas las provincias y sus distritos\u201d.<\/strong><\/em><\/p>\n\n\n\n<p><em>\u201cHonrar nuestra Constituci\u00f3n no s\u00f3lo es un juramento a cumplir, sino es un ejercicio de amor al pueblo argentino\u201d.<\/em><\/p>\n\n\n\n<p>Tambi\u00e9n se dialog\u00f3 sobre la nota emitida por el Oceba<em> \u201ccomo respuesta a la pretendida prohibici\u00f3n del Gobierno Nacional de incluir en las facturas de los servicios el cobro de tasas (o de diferentes fondos)\u201d<\/em>, dado que, en el caso de las facturas de cooperativas el\u00e9ctricas, las regula una ley provincial<em><strong>. \u201cSabemos que este tipo de recursos elevan la cobrabilidad para la continuidad y la ejecuci\u00f3n de obras en los distintos municipios\u201d.<\/strong><\/em><\/p>\n\n\n\n<p>Como se dijo al inicio, Aloisi le transmiti\u00f3 a Magario <em><strong>\u201cla preocupante situaci\u00f3n que atraviesa el Municipio de Azul en t\u00e9rminos econ\u00f3micos, financieros y administrativos, situaci\u00f3n que ha llevado a decretar su emergencia\u201d.<\/strong><\/em><\/p>\n\n\n\n<p><em>\u201cAcordamos seguir trabajando de forma conjunta, en una agenda que permita fortalecer los distritos de la S\u00e9ptima Secci\u00f3n\u201d <\/em>cerr\u00f3.<\/p>\n","protected":false},"excerpt":{"rendered":"<p>Fue d\u00edas pasados en la C\u00e1mara de Senadores. Di\u00e1logo sobre la situaci\u00f3n econ\u00f3mica, el comunicado de Oceba por la prohibici\u00f3n<\/p>\n","protected":false},"author":2,"featured_media":125641,"comment_status":"closed","ping_status":"closed","sticky":false,"template":"","format":"standard","meta":{"_jetpack_memberships_contains_paid_content":false,"footnotes":""},"categories":[4,1],"tags":[],"class_list":["post-125640","post","type-post","status-publish","format-standard","has-post-thumbnail","hentry","category-politica","category-portada"],"jetpack_featured_media_url":"https:\/\/i0.wp.com\/cdnoticias.com\/wp-content\/uploads\/2024\/09\/Aloisi-con-Magario-copia.jpg?fit=1775%2C1057&ssl=1","jetpack_sharing_enabled":true,"_links":{"self":[{"href":"https:\/\/cdnoticias.com\/index.php\/wp-json\/wp\/v2\/posts\/125640","targetHints":{"allow":["GET"]}}],"collection":[{"href":"https:\/\/cdnoticias.com\/index.php\/wp-json\/wp\/v2\/posts"}],"about":[{"href":"https:\/\/cdnoticias.com\/index.php\/wp-json\/wp\/v2\/types\/post"}],"author":[{"embeddable":true,"href":"https:\/\/cdnoticias.com\/index.php\/wp-json\/wp\/v2\/users\/2"}],"replies":[{"embeddable":true,"href":"https:\/\/cdnoticias.com\/index.php\/wp-json\/wp\/v2\/comments?post=125640"}],"version-history":[{"count":0,"href":"https:\/\/cdnoticias.com\/index.php\/wp-json\/wp\/v2\/posts\/125640\/revisions"}],"wp:featuredmedia":[{"embeddable":true,"href":"https:\/\/cdnoticias.com\/index.php\/wp-json\/wp\/v2\/media\/125641"}],"wp:attachment":[{"href":"https:\/\/cdnoticias.com\/index.php\/wp-json\/wp\/v2\/media?parent=125640"}],"wp:term":[{"taxonomy":"category","embeddable":true,"href":"https:\/\/cdnoticias.com\/index.php\/wp-json\/wp\/v2\/categories?post=125640"},{"taxonomy":"post_tag","embeddable":true,"href":"https:\/\/cdnoticias.com\/index.php\/wp-json\/wp\/v2\/tags?post=125640"}],"curies":[{"name":"wp","href":"https:\/\/api.w.org\/{rel}","templated":true}]}}