{"id":125552,"date":"2024-09-15T16:08:15","date_gmt":"2024-09-15T19:08:15","guid":{"rendered":"https:\/\/cdnoticias.com\/?p=125552"},"modified":"2024-09-15T18:37:39","modified_gmt":"2024-09-15T21:37:39","slug":"un-corte-de-luz-afecta-a-varios-barrios-de-olavarria","status":"publish","type":"post","link":"https:\/\/cdnoticias.com\/index.php\/2024\/09\/15\/un-corte-de-luz-afecta-a-varios-barrios-de-olavarria\/","title":{"rendered":"Un corte de luz afect\u00f3 a varios barrios de Olavarr\u00eda"},"content":{"rendered":"\n<p>Este domingo se registr\u00f3 la salida de servicio de los anillos intermedios N\u00b0 2 y N\u00b03. El servicio ya fue repuesto por personal de Coopelectric. <\/p>\n\n\n\n<hr class=\"wp-block-separator has-alpha-channel-opacity\"\/>\n\n\n\n<p>Desde Coopelectric se inform\u00f3 que <strong>este domingo por la tarde se registr\u00f3 la salida de servicio de los anillos intermedios N\u00b02 y N\u00b03.<\/strong><\/p>\n\n\n\n<p><\/p>\n\n\n\n<p>El<strong> anillo intermedio N\u00b02 <\/strong>ocasion\u00f3 la interrupci\u00f3n del suministro el\u00e9ctrico en los<strong> barrios Los Robles, Plan Novios y Abuelos, Municipales, Amparo Castro, La Ara\u00f1a y parte de los barrios San Vicente, Villa Floresta y Luj\u00e1n.<\/strong><\/p>\n\n\n\n<p><\/p>\n\n\n\n<p>En tanto, el <strong>anillo intermedio N\u00b03<\/strong> afect\u00f3 los <strong>barrios Hip\u00f3lito Yrigoyen, Pro Casa, La Loma, Luj\u00e1n, Tiro Federal, Provincias Argentinas, Acupo I y parte de Mariano Moreno.<\/strong><\/p>\n\n\n\n<p><\/p>\n\n\n\n<p>Seg\u00fan se indic\u00f3, el personal de Coopelectric realiz\u00f3 las tareas operativas necesarias para poder <strong>normalizar el servicio.<\/strong><\/p>\n","protected":false},"excerpt":{"rendered":"<p>Este domingo se registr\u00f3 la salida de servicio de los anillos intermedios N\u00b0 2 y N\u00b03. El servicio ya fue<\/p>\n","protected":false},"author":2,"featured_media":100388,"comment_status":"closed","ping_status":"closed","sticky":false,"template":"","format":"standard","meta":{"_jetpack_memberships_contains_paid_content":false,"footnotes":""},"categories":[5,1],"tags":[],"class_list":["post-125552","post","type-post","status-publish","format-standard","has-post-thumbnail","hentry","category-informacion-general","category-portada"],"jetpack_featured_media_url":"https:\/\/i0.wp.com\/cdnoticias.com\/wp-content\/uploads\/2023\/10\/coopelectric-camion1.webp?fit=800%2C445&ssl=1","jetpack_sharing_enabled":true,"_links":{"self":[{"href":"https:\/\/cdnoticias.com\/index.php\/wp-json\/wp\/v2\/posts\/125552","targetHints":{"allow":["GET"]}}],"collection":[{"href":"https:\/\/cdnoticias.com\/index.php\/wp-json\/wp\/v2\/posts"}],"about":[{"href":"https:\/\/cdnoticias.com\/index.php\/wp-json\/wp\/v2\/types\/post"}],"author":[{"embeddable":true,"href":"https:\/\/cdnoticias.com\/index.php\/wp-json\/wp\/v2\/users\/2"}],"replies":[{"embeddable":true,"href":"https:\/\/cdnoticias.com\/index.php\/wp-json\/wp\/v2\/comments?post=125552"}],"version-history":[{"count":0,"href":"https:\/\/cdnoticias.com\/index.php\/wp-json\/wp\/v2\/posts\/125552\/revisions"}],"wp:featuredmedia":[{"embeddable":true,"href":"https:\/\/cdnoticias.com\/index.php\/wp-json\/wp\/v2\/media\/100388"}],"wp:attachment":[{"href":"https:\/\/cdnoticias.com\/index.php\/wp-json\/wp\/v2\/media?parent=125552"}],"wp:term":[{"taxonomy":"category","embeddable":true,"href":"https:\/\/cdnoticias.com\/index.php\/wp-json\/wp\/v2\/categories?post=125552"},{"taxonomy":"post_tag","embeddable":true,"href":"https:\/\/cdnoticias.com\/index.php\/wp-json\/wp\/v2\/tags?post=125552"}],"curies":[{"name":"wp","href":"https:\/\/api.w.org\/{rel}","templated":true}]}}