{"id":125538,"date":"2024-09-15T18:11:33","date_gmt":"2024-09-15T21:11:33","guid":{"rendered":"https:\/\/cdnoticias.com\/?p=125538"},"modified":"2024-09-15T19:36:02","modified_gmt":"2024-09-15T22:36:02","slug":"del-campo-a-la-gondola-los-precios-de-los-agroalimentos-se-multiplicaron-por-32-en-agosto","status":"publish","type":"post","link":"https:\/\/cdnoticias.com\/index.php\/2024\/09\/15\/del-campo-a-la-gondola-los-precios-de-los-agroalimentos-se-multiplicaron-por-32-en-agosto\/","title":{"rendered":"Del campo a la g\u00f3ndola, los precios de los agroalimentos se multiplicaron por 3,2 en agosto"},"content":{"rendered":"\n<p>As\u00ed surge de un informe elaborado por la CAME que indica que el consumidor pag\u00f3 $3,2 por cada $1 que recibi\u00f3 el productor.<\/p>\n\n\n\n<hr class=\"wp-block-separator has-alpha-channel-opacity\"\/>\n\n\n\n<p>Los precios de los agroalimentos s<strong>e multiplicaron por 3,2 veces del campo (origen) a la g\u00f3ndola (destino) en agosto. <\/strong>Es decir, <strong>el consumidor pag\u00f3 $3,2 por cada $1 que recibi\u00f3 el productor,<\/strong> seg\u00fan el Indicador de Precios en Origen y Destino (IPOD) elaborado por el sector de Econom\u00edas Regionales de la <strong>Confederaci\u00f3n Argentina de la Mediana Empresa (CAME).<\/strong><\/p>\n\n\n\n<p><\/p>\n\n\n\n<p>En promedio, la participaci\u00f3n del productor explic\u00f3 el 30,9% de los precios de venta final, un 13,4% menos con respecto al mes anterior. <strong>La mayor participaci\u00f3n la tuvieron los productores de pollo (52%), mientras que la menor fue nuevamente para los de lim\u00f3n (6,5%).<\/strong><\/p>\n\n\n\n<p><\/p>\n\n\n\n<p>Durante el mes de agosto 2024, fruto de la disminuci\u00f3n del poder adquisitivo y la falta de convalidaci\u00f3n de precios por parte del consumidor, se observ\u00f3 una <strong>ca\u00edda de demanda de alrededor del 35%.<\/strong> Al ser, por lo general, productos perecederos, la situaci\u00f3n forz\u00f3 a distintos eslabones de la cadena de valor (mayoristas y minoristas) a resignar parte de la renta. Adem\u00e1s, debe considerarse el<strong> incremento de costos <\/strong>tanto en insumos dolarizados, tasas municipales, como tambi\u00e9n en transporte, log\u00edstica, arrendamientos, combustibles y salarios, por mencionar algunos.<\/p>\n\n\n\n<p><\/p>\n\n\n\n<p>Por otro lado, se est\u00e1 atravesando una incertidumbre -natural de la \u00e9poca del a\u00f1o-, donde algunas regiones ingresan con su producci\u00f3n al mercado, mientras otras est\u00e1n en retirada.<\/p>\n\n\n\n<p><\/p>\n\n\n\n<p>Por \u00faltimo, <strong>tras las fuertes heladas que hab\u00edan mermado la oferta, este mes se incrementaron los niveles de producci\u00f3n<\/strong> y, como consecuencia, se observ\u00f3 una disminuci\u00f3n en los precios de varios productos de la canasta IPOD, lo que explica el descenso en la participaci\u00f3n del productor.<\/p>\n\n\n\n<p><\/p>\n\n\n\n<p>Para acceder al\u00a0informe t\u00e9cnico,\u00a0clic\u00a0<a href=\"https:\/\/mailprensa.came.org.ar\/c\/oj91wk\/kmpbgse2\/eo-ee2ghnos\" target=\"_blank\" rel=\"noreferrer noopener\">aqu\u00ed<\/a>.<\/p>\n","protected":false},"excerpt":{"rendered":"<p>As\u00ed surge de un informe elaborado por la CAME que indica que el consumidor pag\u00f3 $3,2 por cada $1 que<\/p>\n","protected":false},"author":2,"featured_media":84591,"comment_status":"closed","ping_status":"closed","sticky":false,"template":"","format":"standard","meta":{"_jetpack_memberships_contains_paid_content":false,"footnotes":""},"categories":[6,1],"tags":[],"class_list":["post-125538","post","type-post","status-publish","format-standard","has-post-thumbnail","hentry","category-nacionales","category-portada"],"jetpack_featured_media_url":"https:\/\/i0.wp.com\/cdnoticias.com\/wp-content\/uploads\/2023\/05\/verdurazo-feria-verduras-07-scaled.jpg?fit=2560%2C1424&ssl=1","jetpack_sharing_enabled":true,"_links":{"self":[{"href":"https:\/\/cdnoticias.com\/index.php\/wp-json\/wp\/v2\/posts\/125538","targetHints":{"allow":["GET"]}}],"collection":[{"href":"https:\/\/cdnoticias.com\/index.php\/wp-json\/wp\/v2\/posts"}],"about":[{"href":"https:\/\/cdnoticias.com\/index.php\/wp-json\/wp\/v2\/types\/post"}],"author":[{"embeddable":true,"href":"https:\/\/cdnoticias.com\/index.php\/wp-json\/wp\/v2\/users\/2"}],"replies":[{"embeddable":true,"href":"https:\/\/cdnoticias.com\/index.php\/wp-json\/wp\/v2\/comments?post=125538"}],"version-history":[{"count":0,"href":"https:\/\/cdnoticias.com\/index.php\/wp-json\/wp\/v2\/posts\/125538\/revisions"}],"wp:featuredmedia":[{"embeddable":true,"href":"https:\/\/cdnoticias.com\/index.php\/wp-json\/wp\/v2\/media\/84591"}],"wp:attachment":[{"href":"https:\/\/cdnoticias.com\/index.php\/wp-json\/wp\/v2\/media?parent=125538"}],"wp:term":[{"taxonomy":"category","embeddable":true,"href":"https:\/\/cdnoticias.com\/index.php\/wp-json\/wp\/v2\/categories?post=125538"},{"taxonomy":"post_tag","embeddable":true,"href":"https:\/\/cdnoticias.com\/index.php\/wp-json\/wp\/v2\/tags?post=125538"}],"curies":[{"name":"wp","href":"https:\/\/api.w.org\/{rel}","templated":true}]}}