{"id":125515,"date":"2024-09-15T09:12:33","date_gmt":"2024-09-15T12:12:33","guid":{"rendered":"https:\/\/cdnoticias.com\/?p=125515"},"modified":"2024-09-15T09:12:35","modified_gmt":"2024-09-15T12:12:35","slug":"jesus-angel-rojas-cholo-q-e-p-d","status":"publish","type":"post","link":"https:\/\/cdnoticias.com\/index.php\/2024\/09\/15\/jesus-angel-rojas-cholo-q-e-p-d\/","title":{"rendered":"Jes\u00fas \u00c1ngel Rojas \u201cCholo\u201d (Q.E.P.D.)"},"content":{"rendered":"\n<p><\/p>\n\n\n\n<p>Falleci\u00f3 en Olavarr\u00eda el 14 de septiembre de 2024 a los 84 a\u00f1os de edad. Su esposa Ana Garc\u00eda. Su hija Aracelli Rojas. Su hijo pol\u00edtico Jos\u00e9 Osvaldo Fogel. Sus nietas B\u00e1rbara y Celina. Su hermana Mary Rojas. Sus hermanos pol\u00edticos. Su amigo Mateo Bahl y familia; y dem\u00e1s deudos participan su fallecimiento.<\/p>\n\n\n\n<p><\/p>\n\n\n\n<p>Sus restos son velados en Sala velatoria de Hinojo y ser\u00e1n inhumados en el cementerio de Hinojo este domingo a las 11:30, previo responso en la capilla ardiente. Vecino de Hinojo. Nacido en Balcarce. Jubilado y propietario de remolques &#8220;El Cholo&#8221;.<\/p>\n","protected":false},"excerpt":{"rendered":"<p>Falleci\u00f3 en Olavarr\u00eda el 14 de septiembre de 2024 a los 84 a\u00f1os de edad. Su esposa Ana Garc\u00eda. Su<\/p>\n","protected":false},"author":2,"featured_media":100390,"comment_status":"closed","ping_status":"closed","sticky":false,"template":"","format":"standard","meta":{"_jetpack_memberships_contains_paid_content":false,"footnotes":""},"categories":[10],"tags":[],"class_list":["post-125515","post","type-post","status-publish","format-standard","has-post-thumbnail","hentry","category-necrologicas"],"jetpack_featured_media_url":"https:\/\/i0.wp.com\/cdnoticias.com\/wp-content\/uploads\/2023\/10\/necrologicas-390-x-240.jpg?fit=390%2C240&ssl=1","jetpack_sharing_enabled":true,"_links":{"self":[{"href":"https:\/\/cdnoticias.com\/index.php\/wp-json\/wp\/v2\/posts\/125515","targetHints":{"allow":["GET"]}}],"collection":[{"href":"https:\/\/cdnoticias.com\/index.php\/wp-json\/wp\/v2\/posts"}],"about":[{"href":"https:\/\/cdnoticias.com\/index.php\/wp-json\/wp\/v2\/types\/post"}],"author":[{"embeddable":true,"href":"https:\/\/cdnoticias.com\/index.php\/wp-json\/wp\/v2\/users\/2"}],"replies":[{"embeddable":true,"href":"https:\/\/cdnoticias.com\/index.php\/wp-json\/wp\/v2\/comments?post=125515"}],"version-history":[{"count":0,"href":"https:\/\/cdnoticias.com\/index.php\/wp-json\/wp\/v2\/posts\/125515\/revisions"}],"wp:featuredmedia":[{"embeddable":true,"href":"https:\/\/cdnoticias.com\/index.php\/wp-json\/wp\/v2\/media\/100390"}],"wp:attachment":[{"href":"https:\/\/cdnoticias.com\/index.php\/wp-json\/wp\/v2\/media?parent=125515"}],"wp:term":[{"taxonomy":"category","embeddable":true,"href":"https:\/\/cdnoticias.com\/index.php\/wp-json\/wp\/v2\/categories?post=125515"},{"taxonomy":"post_tag","embeddable":true,"href":"https:\/\/cdnoticias.com\/index.php\/wp-json\/wp\/v2\/tags?post=125515"}],"curies":[{"name":"wp","href":"https:\/\/api.w.org\/{rel}","templated":true}]}}