{"id":125467,"date":"2024-09-14T18:07:07","date_gmt":"2024-09-14T21:07:07","guid":{"rendered":"https:\/\/cdnoticias.com\/?p=125467"},"modified":"2024-09-14T18:07:09","modified_gmt":"2024-09-14T21:07:09","slug":"festival-los-lapices-no-se-borran-la-historia-no-se-mancha","status":"publish","type":"post","link":"https:\/\/cdnoticias.com\/index.php\/2024\/09\/14\/festival-los-lapices-no-se-borran-la-historia-no-se-mancha\/","title":{"rendered":"Festival: \u201clos l\u00e1pices no se borran, la historia no se mancha\u201d"},"content":{"rendered":"\n<p>Ser\u00e1 este domingo a partir de las 15:00 en la Casa del Bicentenario, organizado por la Federaci\u00f3n Universitaria. La iniciativa surge en conmemoraci\u00f3n de \u201cLa noche de los l\u00e1pices y el D\u00eda Nacional de la Juventud\u201d.<\/p>\n\n\n\n<hr class=\"wp-block-separator has-alpha-channel-opacity\"\/>\n\n\n\n<p>Este domingo se celebrar\u00e1 el Festival <strong>\u201clos l\u00e1pices no se borran, la historia no se mancha\u201d en la Casa del Bicentenario a partir de las 15:00.<\/strong><\/p>\n\n\n\n<p><\/p>\n\n\n\n<p>El evento es organizado desde la<strong> Federaci\u00f3n Universitaria de la Universidad Nacional del Centro de la Provincia de Buenos Aires <\/strong>y ser\u00e1 en conmemoraci\u00f3n de <strong>\u201cLa noche de los l\u00e1pices y el D\u00eda de la juventud\u201d.<\/strong><\/p>\n\n\n\n<p><\/p>\n\n\n\n<p>Se trata de una propuesta cultural abierta a la comunidad que contar\u00e1 con la presencia de <strong>bandas, mesas de arte y feriantes.<\/strong> El cierre estar\u00e1 a cargo de <strong>Viajando a Mercurio.<\/strong><\/p>\n\n\n\n<p><\/p>\n\n\n\n<p>Desde la organizaci\u00f3n destacaron que \u201cdeseamos que esta fecha pueda reunirnos y llevarnos a rememorar la historia de nuestra lucha, la cual contin\u00faa hasta hoy en la defensa de los derechos adquiridos\u201d.<\/p>\n","protected":false},"excerpt":{"rendered":"<p>Ser\u00e1 este domingo a partir de las 15:00 en la Casa del Bicentenario, organizado por la Federaci\u00f3n Universitaria. La iniciativa<\/p>\n","protected":false},"author":2,"featured_media":125468,"comment_status":"closed","ping_status":"closed","sticky":false,"template":"","format":"standard","meta":{"_jetpack_memberships_contains_paid_content":false,"footnotes":""},"categories":[9,1],"tags":[],"class_list":["post-125467","post","type-post","status-publish","format-standard","has-post-thumbnail","hentry","category-cultura","category-portada"],"jetpack_featured_media_url":"https:\/\/i0.wp.com\/cdnoticias.com\/wp-content\/uploads\/2024\/09\/WhatsApp-Image-2024-09-14-at-4.58.24-PM.jpeg?fit=800%2C445&ssl=1","jetpack_sharing_enabled":true,"_links":{"self":[{"href":"https:\/\/cdnoticias.com\/index.php\/wp-json\/wp\/v2\/posts\/125467","targetHints":{"allow":["GET"]}}],"collection":[{"href":"https:\/\/cdnoticias.com\/index.php\/wp-json\/wp\/v2\/posts"}],"about":[{"href":"https:\/\/cdnoticias.com\/index.php\/wp-json\/wp\/v2\/types\/post"}],"author":[{"embeddable":true,"href":"https:\/\/cdnoticias.com\/index.php\/wp-json\/wp\/v2\/users\/2"}],"replies":[{"embeddable":true,"href":"https:\/\/cdnoticias.com\/index.php\/wp-json\/wp\/v2\/comments?post=125467"}],"version-history":[{"count":0,"href":"https:\/\/cdnoticias.com\/index.php\/wp-json\/wp\/v2\/posts\/125467\/revisions"}],"wp:featuredmedia":[{"embeddable":true,"href":"https:\/\/cdnoticias.com\/index.php\/wp-json\/wp\/v2\/media\/125468"}],"wp:attachment":[{"href":"https:\/\/cdnoticias.com\/index.php\/wp-json\/wp\/v2\/media?parent=125467"}],"wp:term":[{"taxonomy":"category","embeddable":true,"href":"https:\/\/cdnoticias.com\/index.php\/wp-json\/wp\/v2\/categories?post=125467"},{"taxonomy":"post_tag","embeddable":true,"href":"https:\/\/cdnoticias.com\/index.php\/wp-json\/wp\/v2\/tags?post=125467"}],"curies":[{"name":"wp","href":"https:\/\/api.w.org\/{rel}","templated":true}]}}