{"id":125443,"date":"2024-09-14T11:21:01","date_gmt":"2024-09-14T14:21:01","guid":{"rendered":"https:\/\/cdnoticias.com\/?p=125443"},"modified":"2024-09-14T15:31:53","modified_gmt":"2024-09-14T18:31:53","slug":"se-viene-la-primavera-cervecera-en-el-parque-mitre","status":"publish","type":"post","link":"https:\/\/cdnoticias.com\/index.php\/2024\/09\/14\/se-viene-la-primavera-cervecera-en-el-parque-mitre\/","title":{"rendered":"Se viene la \u201cPrimavera Cervecera\u201d en el Parque Mitre"},"content":{"rendered":"\n<p>Ser\u00e1 desde las 16:00 horas con epicentro en Belgrano y Brown. Oferta gastron\u00f3mica, bebidas y espect\u00e1culos con varias bandas y DJs en vivo.<\/p>\n\n\n\n<hr class=\"wp-block-separator aligncenter has-alpha-channel-opacity\"\/>\n\n\n\n<p>Este s\u00e1bado, el Municipio de Olavarr\u00eda junto a <strong>cerveceros locales llevar\u00e1n a cabo la \u201cPrimavera Cervercera\u201d que tendr\u00e1 lugar en el Parque Mitre desde las 16:00 horas con epicentro en Belgrano y Brown.<\/strong><\/p>\n\n\n\n<p>La propuesta contar\u00e1 con una<strong> variada oferta gastron\u00f3mica, bebidas, espect\u00e1culos con las bandas: Caos, Jhonny Boy y Caja Negra, y DJs en vivo.<\/strong><\/p>\n\n\n\n<p>Adem\u00e1s,<strong> el p\u00fablico tendr\u00e1 la oportunidad de probar distintas variedades de cervezas artesanales producidas en Olavarr\u00eda.<\/strong><\/p>\n\n\n\n<figure class=\"wp-block-image size-full\"><img data-recalc-dims=\"1\" loading=\"lazy\" decoding=\"async\" width=\"800\" height=\"800\" src=\"https:\/\/i0.wp.com\/cdnoticias.com\/wp-content\/uploads\/2024\/09\/Primavera-Cervecera-1024x1024-2.jpeg?resize=800%2C800&#038;ssl=1\" alt=\"\" class=\"wp-image-125444\" srcset=\"https:\/\/i0.wp.com\/cdnoticias.com\/wp-content\/uploads\/2024\/09\/Primavera-Cervecera-1024x1024-2.jpeg?w=1024&amp;ssl=1 1024w, https:\/\/i0.wp.com\/cdnoticias.com\/wp-content\/uploads\/2024\/09\/Primavera-Cervecera-1024x1024-2.jpeg?resize=300%2C300&amp;ssl=1 300w, https:\/\/i0.wp.com\/cdnoticias.com\/wp-content\/uploads\/2024\/09\/Primavera-Cervecera-1024x1024-2.jpeg?resize=150%2C150&amp;ssl=1 150w, https:\/\/i0.wp.com\/cdnoticias.com\/wp-content\/uploads\/2024\/09\/Primavera-Cervecera-1024x1024-2.jpeg?resize=768%2C768&amp;ssl=1 768w\" sizes=\"auto, (max-width: 800px) 100vw, 800px\" \/><\/figure>\n\n\n\n<p>Este encuentro reunir\u00e1 en torno al parque a productores locales: <strong>Rab, Del Fondo, Fenchel, Sur del Sur, Monos Sabios y Kabbalah, quienes ofrecer\u00e1n sus distintas especialidades.<\/strong> <\/p>\n","protected":false},"excerpt":{"rendered":"<p>Ser\u00e1 desde las 16:00 horas con epicentro en Belgrano y Brown. Oferta gastron\u00f3mica, bebidas y espect\u00e1culos con varias bandas y<\/p>\n","protected":false},"author":2,"featured_media":112806,"comment_status":"closed","ping_status":"closed","sticky":false,"template":"","format":"standard","meta":{"_jetpack_memberships_contains_paid_content":false,"footnotes":""},"categories":[9,1],"tags":[],"class_list":["post-125443","post","type-post","status-publish","format-standard","has-post-thumbnail","hentry","category-cultura","category-portada"],"jetpack_featured_media_url":"https:\/\/i0.wp.com\/cdnoticias.com\/wp-content\/uploads\/2024\/04\/FestivalCervecero-09.jpg?fit=1024%2C680&ssl=1","jetpack_sharing_enabled":true,"_links":{"self":[{"href":"https:\/\/cdnoticias.com\/index.php\/wp-json\/wp\/v2\/posts\/125443","targetHints":{"allow":["GET"]}}],"collection":[{"href":"https:\/\/cdnoticias.com\/index.php\/wp-json\/wp\/v2\/posts"}],"about":[{"href":"https:\/\/cdnoticias.com\/index.php\/wp-json\/wp\/v2\/types\/post"}],"author":[{"embeddable":true,"href":"https:\/\/cdnoticias.com\/index.php\/wp-json\/wp\/v2\/users\/2"}],"replies":[{"embeddable":true,"href":"https:\/\/cdnoticias.com\/index.php\/wp-json\/wp\/v2\/comments?post=125443"}],"version-history":[{"count":0,"href":"https:\/\/cdnoticias.com\/index.php\/wp-json\/wp\/v2\/posts\/125443\/revisions"}],"wp:featuredmedia":[{"embeddable":true,"href":"https:\/\/cdnoticias.com\/index.php\/wp-json\/wp\/v2\/media\/112806"}],"wp:attachment":[{"href":"https:\/\/cdnoticias.com\/index.php\/wp-json\/wp\/v2\/media?parent=125443"}],"wp:term":[{"taxonomy":"category","embeddable":true,"href":"https:\/\/cdnoticias.com\/index.php\/wp-json\/wp\/v2\/categories?post=125443"},{"taxonomy":"post_tag","embeddable":true,"href":"https:\/\/cdnoticias.com\/index.php\/wp-json\/wp\/v2\/tags?post=125443"}],"curies":[{"name":"wp","href":"https:\/\/api.w.org\/{rel}","templated":true}]}}