{"id":125438,"date":"2024-09-13T20:45:01","date_gmt":"2024-09-14T10:37:45","guid":{"rendered":"https:\/\/cdnoticias.com\/?p=125438"},"modified":"2025-02-13T22:59:29","modified_gmt":"2025-02-14T01:59:29","slug":"premier-padel-fede-chingotto-esta-en-semifinales-del-p1-neerlandes","status":"publish","type":"post","link":"https:\/\/cdnoticias.com\/index.php\/2024\/09\/13\/premier-padel-fede-chingotto-esta-en-semifinales-del-p1-neerlandes\/","title":{"rendered":"Premier Padel: \u201cFede\u201d Chingotto est\u00e1 en semifinales del P1 neerland\u00e9s"},"content":{"rendered":"<p>\u201cChingal\u00e1n\u201d contin\u00faa escalando instancias en R\u00f3terdam. Este viernes, eliminaron a \u201cPaquito\u201d Navarro y Pablo Cardona tras vencer con un doble 6 \u2013 2. En semis, contra Yanguas \u2013 Stupaczuk.<!--more--><\/p>\n<hr \/>\n<p>Con un \u00f3ptimo rendimiento en el 20&#215;10, <strong>\u201cFede\u201d Chingotto y Ale Gal\u00e1n derrotaron este viernes a Navarro \u2013 Cardona y clasificaron a las semifinales del Premier Padel P1 celebrado en la ciudad de R\u00f3terdam.<\/strong><\/p>\n<p>&nbsp;<\/p>\n<p>El compromiso por cuartos de final se desarroll\u00f3 en el \u00faltimo turno de la pista principal del Ahoy Rotterdam y f<strong>ue triunfo en sets corridos para el olavarriense y el madrile\u00f1o<\/strong>.<\/p>\n<p>&nbsp;<\/p>\n<p><strong>En menos de una hora de partido, el festejo fue por un doble 6 \u2013 2 y con sets pr\u00e1cticamente similares en la din\u00e1mica.\u00a0<\/strong><\/p>\n<p>&nbsp;<\/p>\n<blockquote class=\"twitter-tweet\" data-width=\"550\" data-dnt=\"true\">\n<p lang=\"es\" dir=\"ltr\">Chingalan \ud83d\udc2d\ud83d\udc7d <a href=\"https:\/\/twitter.com\/alegalan96?ref_src=twsrc%5Etfw\">@alegalan96<\/a> <a href=\"https:\/\/twitter.com\/Chingoland_?ref_src=twsrc%5Etfw\">@Chingoland_<\/a> <\/p>\n<p>6\ufe0f\u20e3-2\ufe0f\u20e3 \/ 6\ufe0f\u20e3-2\ufe0f\u20e3<\/p>\n<p>\ud83c\udd9a Paquito Navarro &amp; Pablo Cardona<a href=\"https:\/\/twitter.com\/hashtag\/PremierPadel?src=hash&amp;ref_src=twsrc%5Etfw\">#PremierPadel<\/a> <a href=\"https:\/\/twitter.com\/hashtag\/RotterdamPremierPadelP1?src=hash&amp;ref_src=twsrc%5Etfw\">#RotterdamPremierPadelP1<\/a> <a href=\"https:\/\/t.co\/sqmIEFlEsI\">pic.twitter.com\/sqmIEFlEsI<\/a><\/p>\n<p>&mdash; Premier Padel (@premierpadel) <a href=\"https:\/\/twitter.com\/premierpadel\/status\/1834727552054616323?ref_src=twsrc%5Etfw\">September 13, 2024<\/a><\/p><\/blockquote>\n<p><script async src=\"https:\/\/platform.twitter.com\/widgets.js\" charset=\"utf-8\"><\/script><\/p>\n<p>&nbsp;<\/p>\n<p>Efusivo fue el arranque del primero. Chingotto y Gal\u00e1n, intensos en las ofensivas altas, quebraron los dos primeros saques del rival (estuvieron 4 \u2013 0 arriba) y mantuvieron la ventaja para cerrar la manga a favor. Lo mismo sucedi\u00f3 en el segundo set, con la \u201cChingal\u00e1n\u201d manteniendo el nivel para quedarse con el partido.<\/p>\n<p>&nbsp;<\/p>\n<p>Tal victoria los deposit\u00f3 en las semifinales del certamen neerland\u00e9s donde este s\u00e1bado, en el \u00faltimo turno del d\u00eda, se medir\u00e1n contra <strong>Yanguas \u2013 Stupaczuk<\/strong>, quienes derrotaron a Tello \u2013 Belastegu\u00edn por 6 \u2013 2, 4 \u2013 6 y 6 \u2013 3.<\/p>\n<p>&nbsp;<\/p>\n<p><em><strong>Foto: Premier Padel.<\/strong><\/em><\/p>\n","protected":false},"excerpt":{"rendered":"<p>\u201cChingal\u00e1n\u201d contin\u00faa escalando instancias en R\u00f3terdam. Este viernes, eliminaron a \u201cPaquito\u201d Navarro y Pablo Cardona tras vencer con un doble<\/p>\n","protected":false},"author":96739694,"featured_media":162680,"comment_status":"closed","ping_status":"closed","sticky":false,"template":"","format":"standard","meta":{"_jetpack_memberships_contains_paid_content":false,"footnotes":""},"categories":[1,55],"tags":[],"class_list":["post-125438","post","type-post","status-publish","format-standard","has-post-thumbnail","hentry","category-portada","category-tenis-padel"],"jetpack_featured_media_url":"https:\/\/i0.wp.com\/cdnoticias.com\/wp-content\/uploads\/2024\/09\/Chingotto-Galan-P1-de-Roterdam-4tos-e1726287038964.jpg?fit=799%2C524&ssl=1","jetpack_sharing_enabled":true,"_links":{"self":[{"href":"https:\/\/cdnoticias.com\/index.php\/wp-json\/wp\/v2\/posts\/125438","targetHints":{"allow":["GET"]}}],"collection":[{"href":"https:\/\/cdnoticias.com\/index.php\/wp-json\/wp\/v2\/posts"}],"about":[{"href":"https:\/\/cdnoticias.com\/index.php\/wp-json\/wp\/v2\/types\/post"}],"author":[{"embeddable":true,"href":"https:\/\/cdnoticias.com\/index.php\/wp-json\/wp\/v2\/users\/96739694"}],"replies":[{"embeddable":true,"href":"https:\/\/cdnoticias.com\/index.php\/wp-json\/wp\/v2\/comments?post=125438"}],"version-history":[{"count":0,"href":"https:\/\/cdnoticias.com\/index.php\/wp-json\/wp\/v2\/posts\/125438\/revisions"}],"wp:featuredmedia":[{"embeddable":true,"href":"https:\/\/cdnoticias.com\/index.php\/wp-json\/wp\/v2\/media\/162680"}],"wp:attachment":[{"href":"https:\/\/cdnoticias.com\/index.php\/wp-json\/wp\/v2\/media?parent=125438"}],"wp:term":[{"taxonomy":"category","embeddable":true,"href":"https:\/\/cdnoticias.com\/index.php\/wp-json\/wp\/v2\/categories?post=125438"},{"taxonomy":"post_tag","embeddable":true,"href":"https:\/\/cdnoticias.com\/index.php\/wp-json\/wp\/v2\/tags?post=125438"}],"curies":[{"name":"wp","href":"https:\/\/api.w.org\/{rel}","templated":true}]}}