{"id":125435,"date":"2024-09-13T19:55:16","date_gmt":"2024-09-13T22:55:16","guid":{"rendered":"https:\/\/cdnoticias.com\/?p=125435"},"modified":"2024-09-14T09:48:36","modified_gmt":"2024-09-14T12:48:36","slug":"las-pastillas-del-abuelo-agoto-sus-entradas-para-el-show-en-olavarria-y-comienza-la-cuenta-regresiva","status":"publish","type":"post","link":"https:\/\/cdnoticias.com\/index.php\/2024\/09\/13\/las-pastillas-del-abuelo-agoto-sus-entradas-para-el-show-en-olavarria-y-comienza-la-cuenta-regresiva\/","title":{"rendered":"Las Pastillas del Abuelo agot\u00f3 sus entradas para el show en Olavarr\u00eda y comienza la cuenta regresiva"},"content":{"rendered":"\n<p>El recital ser\u00e1 este s\u00e1bado desde las 22:00 en el gimnasio del club Racing. La productora Morella confirm\u00f3 que no habr\u00e1 venta de entradas en puerta.<\/p>\n\n\n\n<hr class=\"wp-block-separator aligncenter has-alpha-channel-opacity\"\/>\n\n\n\n<p><strong>Comienza la cuenta regresiva para una nueva presentaci\u00f3n de Las Pastillas del Abuelo en Olavarr\u00eda<\/strong>. Con una novedad importante: <strong>se agotaron las entradas para la presentaci\u00f3n de la banda en el gimnasio del club Racing en avenida Col\u00f3n.<\/strong><\/p>\n\n\n\n<p><strong>La noticia se confirm\u00f3 en la tarde de este viernes por la productora Morella<\/strong>, encargada de la llegada de la banda que encabeza \u201cPiti\u201d Fern\u00e1ndez.<\/p>\n\n\n\n<p><strong>Gente de la ciudad, la regi\u00f3n, la Provincia y varios puntos del pa\u00eds estar\u00e1n presentes<\/strong> para disfrutar del enorme cancionero que Las Pastillas dar\u00e1 en la noche del s\u00e1bado.<\/p>\n\n\n\n<blockquote class=\"wp-block-quote is-layout-flow wp-block-quote-is-layout-flow\">\n<p>El recital est\u00e1 anunciado para las 22:00 horas, y habr\u00e1 servicio de cantina en el lugar.<\/p>\n<\/blockquote>\n\n\n\n<p>Un dato a tener en cuenta y que la productora inform\u00f3 es que <strong>no se vender\u00e1n entradas en puerta<\/strong> por lo que se espera un marco imponente y lleno de rock de Las Pastillas en nuestra ciudad.<\/p>\n","protected":false},"excerpt":{"rendered":"<p>El recital ser\u00e1 este s\u00e1bado desde las 22:00 en el gimnasio del club Racing. La productora Morella confirm\u00f3 que no<\/p>\n","protected":false},"author":2,"featured_media":94405,"comment_status":"closed","ping_status":"closed","sticky":false,"template":"","format":"standard","meta":{"_jetpack_memberships_contains_paid_content":false,"footnotes":""},"categories":[9,1],"tags":[],"class_list":["post-125435","post","type-post","status-publish","format-standard","has-post-thumbnail","hentry","category-cultura","category-portada"],"jetpack_featured_media_url":"https:\/\/i0.wp.com\/cdnoticias.com\/wp-content\/uploads\/2023\/08\/las-pastillasdel-abuelo-racingclub-2023-19.png?fit=1920%2C1080&ssl=1","jetpack_sharing_enabled":true,"_links":{"self":[{"href":"https:\/\/cdnoticias.com\/index.php\/wp-json\/wp\/v2\/posts\/125435","targetHints":{"allow":["GET"]}}],"collection":[{"href":"https:\/\/cdnoticias.com\/index.php\/wp-json\/wp\/v2\/posts"}],"about":[{"href":"https:\/\/cdnoticias.com\/index.php\/wp-json\/wp\/v2\/types\/post"}],"author":[{"embeddable":true,"href":"https:\/\/cdnoticias.com\/index.php\/wp-json\/wp\/v2\/users\/2"}],"replies":[{"embeddable":true,"href":"https:\/\/cdnoticias.com\/index.php\/wp-json\/wp\/v2\/comments?post=125435"}],"version-history":[{"count":0,"href":"https:\/\/cdnoticias.com\/index.php\/wp-json\/wp\/v2\/posts\/125435\/revisions"}],"wp:featuredmedia":[{"embeddable":true,"href":"https:\/\/cdnoticias.com\/index.php\/wp-json\/wp\/v2\/media\/94405"}],"wp:attachment":[{"href":"https:\/\/cdnoticias.com\/index.php\/wp-json\/wp\/v2\/media?parent=125435"}],"wp:term":[{"taxonomy":"category","embeddable":true,"href":"https:\/\/cdnoticias.com\/index.php\/wp-json\/wp\/v2\/categories?post=125435"},{"taxonomy":"post_tag","embeddable":true,"href":"https:\/\/cdnoticias.com\/index.php\/wp-json\/wp\/v2\/tags?post=125435"}],"curies":[{"name":"wp","href":"https:\/\/api.w.org\/{rel}","templated":true}]}}