{"id":125433,"date":"2024-09-16T09:53:22","date_gmt":"2024-09-16T12:53:22","guid":{"rendered":"https:\/\/cdnoticias.com\/?p=125433"},"modified":"2024-09-16T09:53:24","modified_gmt":"2024-09-16T12:53:24","slug":"la-oms-aprobo-la-primera-vacuna-contra-la-viruela-del-mono","status":"publish","type":"post","link":"https:\/\/cdnoticias.com\/index.php\/2024\/09\/16\/la-oms-aprobo-la-primera-vacuna-contra-la-viruela-del-mono\/","title":{"rendered":"La OMS aprob\u00f3 la primera vacuna contra la viruela del mono"},"content":{"rendered":"\n<p>Consider\u00f3 &#8220;seguro y eficaz&#8221; una inyecci\u00f3n que se aplica en dos dosis. Ahora cada pa\u00eds deber\u00e1 aprobar su uso.<\/p>\n\n\n\n<hr class=\"wp-block-separator aligncenter has-alpha-channel-opacity\"\/>\n\n\n\n<p>La<strong> Organizaci\u00f3n Mundial de la Salud <\/strong>(OMS) anunci\u00f3 este viernes que <strong>acept\u00f3 la incorporaci\u00f3n de la primera vacuna contra la viruela s\u00edmica<\/strong> o monkeypox en una lista de productos precalificados para su uso, con lo que avala que es segura y eficaz.<\/p>\n\n\n\n<p><\/p>\n\n\n\n<p>Se trata de una vacuna inyectable que, a medida que cada autoridad regulatoria nacional la vaya autorizando,<strong> podr\u00e1 ser administrada a mayores de 18 a\u00f1os, en dos dosis, con cuatro semanas de intervalo.<\/strong><\/p>\n\n\n\n<p><\/p>\n\n\n\n<p>\u201cEsta primera precalificaci\u00f3n de una vacuna contra la mpox es un paso importante en nuestra lucha contra la enfermedad, tanto en el contexto de los brotes actuales en \u00c1frica como de cara al futuro\u201d, declar\u00f3 el Director General de la OMS, Tedros Adhanom Ghebreyesus.<\/p>\n\n\n\n<p><\/p>\n\n\n\n<blockquote class=\"wp-block-quote is-layout-flow wp-block-quote-is-layout-flow\">\n<p>\u201cAhora necesitamos aumentar con car\u00e1cter de urgencia las adquisiciones, las donaciones y el despliegue para garantizar un acceso a las vacunas en igualdad de condiciones all\u00e1 donde m\u00e1s necesarias sean, as\u00ed como la disponibilidad de otras herramientas de salud p\u00fablica, de modo que podamos prevenir infecciones, detener la transmisi\u00f3n y salvar vidas\u201d agreg\u00f3. <\/p>\n<\/blockquote>\n\n\n\n<p><\/p>\n\n\n\n<p>Adem\u00e1s, el referente sanitario mundial <strong>recomend\u00f3 darla tambi\u00e9n a lactantes, chicos y adolescentes, y hasta a mujeres embarazadas y personas inmunodeprimidas <\/strong>que vivan en contextos de riesgo suficientemente alto como para que en el balance \u201criesgo-beneficio\u201d de la vacuna, el segundo supere al primero.<\/p>\n\n\n\n<p><\/p>\n\n\n\n<blockquote class=\"wp-block-quote is-layout-flow wp-block-quote-is-layout-flow\">\n<p>Por las limitadas dosis disponibles de la nueva vacuna, la OMS indic\u00f3 tambi\u00e9n que los pa\u00edses podr\u00e1n considerar el uso de una dosis simple, si atraviesan contextos de brotes epid\u00e9micos.<\/p>\n<\/blockquote>\n\n\n\n<p><\/p>\n\n\n\n<p>Seg\u00fan los datos disponibles,<strong> una sola inyecci\u00f3n ofrece una efectividad del 76%<\/strong>, mientras que c<strong>on el esquema de completo, la cobertura sube a 82%. <\/strong>En cuanto a la vacunaci\u00f3n posterior a la exposici\u00f3n al pat\u00f3geno, es considerada menos efectiva.<\/p>\n\n\n\n<p><\/p>\n\n\n\n<p>La evaluaci\u00f3n de la OMS se bas\u00f3 en la informaci\u00f3n presentada por el fabricante de la vacuna, la empresa de biotecnolog\u00eda con sede en Dinamarca Bavarian Nordic, y en la revisi\u00f3n de este f\u00e1rmaco que hizo la Agencia Europea de Medicamentos.<\/p>\n\n\n\n<p><\/p>\n\n\n\n<p>El anuncio se da en medio del <strong>alarmante brote de viruela s\u00edmica <\/strong>que se viene registrando en la Rep\u00fablica Democr\u00e1tica del Congo, lo que en parte motiv\u00f3 que la enfermedad fuese declarada una emergencia de salud p\u00fablica de preocupaci\u00f3n internacional a mediados de agosto.<\/p>\n\n\n\n<p><\/p>\n\n\n\n<p>El n\u00famero de positivos para mpox <strong>en la Argentina asciende a 32 en lo que va del a\u00f1o<\/strong>, lo que es un 45,5% m\u00e1s con respecto de los 22 dados a conocer hace siete d\u00edas.<\/p>\n\n\n\n<p><\/p>\n\n\n\n<p>El Ministerio de Salud de la Naci\u00f3n indic\u00f3 que luego del alerta emitido hace dos semanas, se aument\u00f3 la sensibilidad del sistema de vigilancia, lo que en la pr\u00e1ctica redund\u00f3 en una mayor notificaci\u00f3n de casos sospechosos y el consecuente aumento de los positivos. De hecho, <strong>del total de casos confirmados en lo que va del a\u00f1o, el 81% se dio en las \u00faltimas cuatro semanas.<\/strong><\/p>\n\n\n\n<p><\/p>\n\n\n\n<p><em>Fuente: DIB<\/em><\/p>\n","protected":false},"excerpt":{"rendered":"<p>Consider\u00f3 &#8220;seguro y eficaz&#8221; una inyecci\u00f3n que se aplica en dos dosis. Ahora cada pa\u00eds deber\u00e1 aprobar su uso. La<\/p>\n","protected":false},"author":6,"featured_media":69156,"comment_status":"closed","ping_status":"closed","sticky":false,"template":"","format":"standard","meta":{"_jetpack_memberships_contains_paid_content":false,"footnotes":""},"categories":[6,1],"tags":[],"class_list":["post-125433","post","type-post","status-publish","format-standard","has-post-thumbnail","hentry","category-nacionales","category-portada"],"jetpack_featured_media_url":"https:\/\/i0.wp.com\/cdnoticias.com\/wp-content\/uploads\/2022\/11\/vacunacion.jpg?fit=1365%2C891&ssl=1","jetpack_sharing_enabled":true,"_links":{"self":[{"href":"https:\/\/cdnoticias.com\/index.php\/wp-json\/wp\/v2\/posts\/125433","targetHints":{"allow":["GET"]}}],"collection":[{"href":"https:\/\/cdnoticias.com\/index.php\/wp-json\/wp\/v2\/posts"}],"about":[{"href":"https:\/\/cdnoticias.com\/index.php\/wp-json\/wp\/v2\/types\/post"}],"author":[{"embeddable":true,"href":"https:\/\/cdnoticias.com\/index.php\/wp-json\/wp\/v2\/users\/6"}],"replies":[{"embeddable":true,"href":"https:\/\/cdnoticias.com\/index.php\/wp-json\/wp\/v2\/comments?post=125433"}],"version-history":[{"count":0,"href":"https:\/\/cdnoticias.com\/index.php\/wp-json\/wp\/v2\/posts\/125433\/revisions"}],"wp:featuredmedia":[{"embeddable":true,"href":"https:\/\/cdnoticias.com\/index.php\/wp-json\/wp\/v2\/media\/69156"}],"wp:attachment":[{"href":"https:\/\/cdnoticias.com\/index.php\/wp-json\/wp\/v2\/media?parent=125433"}],"wp:term":[{"taxonomy":"category","embeddable":true,"href":"https:\/\/cdnoticias.com\/index.php\/wp-json\/wp\/v2\/categories?post=125433"},{"taxonomy":"post_tag","embeddable":true,"href":"https:\/\/cdnoticias.com\/index.php\/wp-json\/wp\/v2\/tags?post=125433"}],"curies":[{"name":"wp","href":"https:\/\/api.w.org\/{rel}","templated":true}]}}