{"id":125422,"date":"2024-09-14T12:31:54","date_gmt":"2024-09-14T15:31:54","guid":{"rendered":"https:\/\/cdnoticias.com\/?p=125422"},"modified":"2024-09-14T12:31:56","modified_gmt":"2024-09-14T15:31:56","slug":"corte-de-luz-programado-en-dos-sectores-de-la-ciudad","status":"publish","type":"post","link":"https:\/\/cdnoticias.com\/index.php\/2024\/09\/14\/corte-de-luz-programado-en-dos-sectores-de-la-ciudad\/","title":{"rendered":"Corte de luz programado en dos sectores de la ciudad"},"content":{"rendered":"\n<p>Ser\u00e1 este domingo por tareas de mantenimiento. Se indic\u00f3 que las tareas puede reprogramarse si las condiciones clim\u00e1ticas son adversas.<\/p>\n\n\n\n<hr class=\"wp-block-separator aligncenter has-alpha-channel-opacity\"\/>\n\n\n\n<p>Desde Coopelectric se inform\u00f3 que<strong> este domingo se producir\u00e1 la interrupci\u00f3n del servicio el\u00e9ctrico<\/strong> en <strong>dos sectores de la ciudad.<\/strong><\/p>\n\n\n\n<p><\/p>\n\n\n\n<p>El corte ser\u00e1 en el horario de<strong> 7:00 a 11:00 horas<\/strong> y afectar\u00e1 los siguientes sectores:<\/p>\n\n\n\n<p><\/p>\n\n\n\n<ul class=\"wp-block-list\">\n<li>Sector 1: Calle 126-V\u00edas FFCC- Calle 132- avenida Urquiza<\/li>\n<\/ul>\n\n\n\n<ul class=\"wp-block-list\">\n<li>Sector 2: ZALO y SIPG (Sector Industrial Planificado de Granos)<\/li>\n<\/ul>\n\n\n\n<p><\/p>\n\n\n\n<p>Se indic\u00f3 que<strong> el motivo del corte es por mantenimiento<\/strong> y las tareas puede reprogramarse si las condiciones clim\u00e1ticas son adversas.<\/p>\n","protected":false},"excerpt":{"rendered":"<p>Ser\u00e1 este domingo por tareas de mantenimiento. Se indic\u00f3 que las tareas puede reprogramarse si las condiciones clim\u00e1ticas son adversas.<\/p>\n","protected":false},"author":6,"featured_media":100388,"comment_status":"closed","ping_status":"closed","sticky":false,"template":"","format":"standard","meta":{"_jetpack_memberships_contains_paid_content":false,"footnotes":""},"categories":[5,1],"tags":[],"class_list":["post-125422","post","type-post","status-publish","format-standard","has-post-thumbnail","hentry","category-informacion-general","category-portada"],"jetpack_featured_media_url":"https:\/\/i0.wp.com\/cdnoticias.com\/wp-content\/uploads\/2023\/10\/coopelectric-camion1.webp?fit=800%2C445&ssl=1","jetpack_sharing_enabled":true,"_links":{"self":[{"href":"https:\/\/cdnoticias.com\/index.php\/wp-json\/wp\/v2\/posts\/125422","targetHints":{"allow":["GET"]}}],"collection":[{"href":"https:\/\/cdnoticias.com\/index.php\/wp-json\/wp\/v2\/posts"}],"about":[{"href":"https:\/\/cdnoticias.com\/index.php\/wp-json\/wp\/v2\/types\/post"}],"author":[{"embeddable":true,"href":"https:\/\/cdnoticias.com\/index.php\/wp-json\/wp\/v2\/users\/6"}],"replies":[{"embeddable":true,"href":"https:\/\/cdnoticias.com\/index.php\/wp-json\/wp\/v2\/comments?post=125422"}],"version-history":[{"count":0,"href":"https:\/\/cdnoticias.com\/index.php\/wp-json\/wp\/v2\/posts\/125422\/revisions"}],"wp:featuredmedia":[{"embeddable":true,"href":"https:\/\/cdnoticias.com\/index.php\/wp-json\/wp\/v2\/media\/100388"}],"wp:attachment":[{"href":"https:\/\/cdnoticias.com\/index.php\/wp-json\/wp\/v2\/media?parent=125422"}],"wp:term":[{"taxonomy":"category","embeddable":true,"href":"https:\/\/cdnoticias.com\/index.php\/wp-json\/wp\/v2\/categories?post=125422"},{"taxonomy":"post_tag","embeddable":true,"href":"https:\/\/cdnoticias.com\/index.php\/wp-json\/wp\/v2\/tags?post=125422"}],"curies":[{"name":"wp","href":"https:\/\/api.w.org\/{rel}","templated":true}]}}