{"id":125417,"date":"2024-09-15T18:35:33","date_gmt":"2024-09-15T21:35:33","guid":{"rendered":"https:\/\/cdnoticias.com\/?p=125417"},"modified":"2024-09-15T18:35:35","modified_gmt":"2024-09-15T21:35:35","slug":"sociales-obtuvo-distinciones-en-el-enacom-2024","status":"publish","type":"post","link":"https:\/\/cdnoticias.com\/index.php\/2024\/09\/15\/sociales-obtuvo-distinciones-en-el-enacom-2024\/","title":{"rendered":"Sociales obtuvo distinciones en el ENACOM 2024"},"content":{"rendered":"\n<p>El Encuentro Nacional de Carreras de Comunicaci\u00f3n se realiz\u00f3 en la Facultad de Humanidades y Ciencias Sociales de la Universidad Nacional de Jujuy.<\/p>\n\n\n\n<hr class=\"wp-block-separator aligncenter has-alpha-channel-opacity\"\/>\n\n\n\n<p>Como ocurre de manera anual, la <strong>Facultad de Ciencias Sociales<\/strong> cont\u00f3 con la p<strong>articipaci\u00f3n de estudiantes, docentes y becarios\/as, <\/strong>entre otros, en una <strong>nueva edici\u00f3n del Encuentro Nacional de Carreras de Comunicaci\u00f3n (ENACOM), <\/strong>que este a\u00f1o se llev\u00f3 adelante en la Facultad de Humanidades y Ciencias Sociales de la Universidad Nacional de Jujuy.<\/p>\n\n\n\n<p><\/p>\n\n\n\n<p>Bajo el lema \u201c<strong>Propuestas y desaf\u00edos del campo de la Comunicaci\u00f3n en contextos de reacci\u00f3n y revanchismo antiderechos\u201d,<\/strong> adem\u00e1s de la 21\u00aa edici\u00f3n del ENACOM se realizaron la <strong>d\u00e9cima Jornada de Periodismo y Comunicaci\u00f3n<\/strong> (JORPCOM) y la <strong>primera Jornada en Comunicaci\u00f3n Digital Convergente.<\/strong><\/p>\n\n\n\n<p><\/p>\n\n\n\n<p>El Encuentro es organizado anualmente por la Federaci\u00f3n Argentina de Carreras de Comunicaci\u00f3n Social (FADECCOS), de la que forma parte FACSO.<\/p>\n\n\n\n<p><\/p>\n\n\n\n<p>La conferencia inaugural estuvo a cargo del Doctor Francisco Albarello, y se titul\u00f3 \u201cCultura transmedia: la informaci\u00f3n y el conocimiento entre algoritmos y pantallas\u201d; mientras la conferencia central, titulada \u201cLa fiesta de los derechos como batalla contra cooltural\u201d, la dict\u00f3 el Doctor Omar Rinc\u00f3n.<\/p>\n\n\n\n<p><\/p>\n\n\n\n<figure class=\"wp-block-image aligncenter size-full\"><img data-recalc-dims=\"1\" loading=\"lazy\" decoding=\"async\" width=\"800\" height=\"446\" src=\"https:\/\/i0.wp.com\/cdnoticias.com\/wp-content\/uploads\/2024\/09\/enacom-jujuy1.png?resize=800%2C446&#038;ssl=1\" alt=\"\" class=\"wp-image-125419\" srcset=\"https:\/\/i0.wp.com\/cdnoticias.com\/wp-content\/uploads\/2024\/09\/enacom-jujuy1.png?w=888&amp;ssl=1 888w, https:\/\/i0.wp.com\/cdnoticias.com\/wp-content\/uploads\/2024\/09\/enacom-jujuy1.png?resize=300%2C167&amp;ssl=1 300w, https:\/\/i0.wp.com\/cdnoticias.com\/wp-content\/uploads\/2024\/09\/enacom-jujuy1.png?resize=768%2C428&amp;ssl=1 768w, https:\/\/i0.wp.com\/cdnoticias.com\/wp-content\/uploads\/2024\/09\/enacom-jujuy1.png?resize=800%2C445&amp;ssl=1 800w\" sizes=\"auto, (max-width: 800px) 100vw, 800px\" \/><\/figure>\n\n\n\n<p><\/p>\n\n\n\n<p>Asimismo, el Doctor Carlos Scolari present\u00f3 el libro \u201cSobre la evoluci\u00f3n de los medios. Emergencia, adaptaci\u00f3n y supervivencia\u201d.<\/p>\n\n\n\n<p><\/p>\n\n\n\n<blockquote class=\"wp-block-quote is-layout-flow wp-block-quote-is-layout-flow\">\n<p>En esta oportunidad presentaron sus ponencias los docentes Especialista Maximiliano Peret, Licenciado Jos\u00e9 Vulcano y Licenciado Exequiel Alonso y la docente Licenciada Roc\u00edo Pereyra; la becaria Licenciada Roc\u00edo Batres y el becario Licenciado Eliseo D\u00edaz; la Licenciada Carolina Ferrer, coordinadora del \u00c1rea Editorial de la FACSO, y la estudiante Evangelina Luj\u00e1n Dieguez. En el marco de la asamblea anual de FADECCOS, fue elegido como Presidente de la Federaci\u00f3n el Licenciado Maximiliano Peret.<\/p>\n<\/blockquote>\n\n\n\n<p><\/p>\n\n\n\n<p class=\"has-medium-font-size\"><strong>Distinciones<\/strong><\/p>\n\n\n\n<p>En el marco del ENACOM 2024 se realiz\u00f3 el <strong>Concurso Nacional de Tesis <\/strong>que cont\u00f3 con la participaci\u00f3n de<strong> 20 trabajos postulados desde 14 carreras afiliadas a FADECCOS.<\/strong><\/p>\n\n\n\n<p><\/p>\n\n\n\n<p>En la <strong>categor\u00eda Investigaci\u00f3n<\/strong>, <strong>result\u00f3 ganadora la tesis de Griselda Astudillo, estudiante de la carrera de la Licenciatura en Comunicaci\u00f3n Social, <\/strong>denominada \u201c<em>La sexualidad siempre est\u00e1. Discurso social sobre sexualidad. Un an\u00e1lisis situado en el nivel superior de una regi\u00f3n educativa de la provincia de Buenos Aires\u201d.<\/em><\/p>\n\n\n\n<p><\/p>\n\n\n\n<p>En tanto, en el marco del EXPOCOM recibi\u00f3 una primera menci\u00f3n en la modalidad Comunicaci\u00f3n Transmedia de no ficci\u00f3n la presentaci\u00f3n titulada \u201cLucy Party\u201d. Se trata del trabajo final de la c\u00e1tedra Lenguajes I (TIC) realizado por las estudiantes Astrid Ayala, Keila Bellinzoni, Camila Marcovecchio y Evelyn Forlan P\u00e9rez.<\/p>\n","protected":false},"excerpt":{"rendered":"<p>El Encuentro Nacional de Carreras de Comunicaci\u00f3n se realiz\u00f3 en la Facultad de Humanidades y Ciencias Sociales de la Universidad<\/p>\n","protected":false},"author":6,"featured_media":125418,"comment_status":"closed","ping_status":"closed","sticky":false,"template":"","format":"standard","meta":{"_jetpack_memberships_contains_paid_content":false,"footnotes":""},"categories":[5,1],"tags":[],"class_list":["post-125417","post","type-post","status-publish","format-standard","has-post-thumbnail","hentry","category-informacion-general","category-portada"],"jetpack_featured_media_url":"https:\/\/i0.wp.com\/cdnoticias.com\/wp-content\/uploads\/2024\/09\/enacom-jujuy.png?fit=855%2C470&ssl=1","jetpack_sharing_enabled":true,"_links":{"self":[{"href":"https:\/\/cdnoticias.com\/index.php\/wp-json\/wp\/v2\/posts\/125417","targetHints":{"allow":["GET"]}}],"collection":[{"href":"https:\/\/cdnoticias.com\/index.php\/wp-json\/wp\/v2\/posts"}],"about":[{"href":"https:\/\/cdnoticias.com\/index.php\/wp-json\/wp\/v2\/types\/post"}],"author":[{"embeddable":true,"href":"https:\/\/cdnoticias.com\/index.php\/wp-json\/wp\/v2\/users\/6"}],"replies":[{"embeddable":true,"href":"https:\/\/cdnoticias.com\/index.php\/wp-json\/wp\/v2\/comments?post=125417"}],"version-history":[{"count":0,"href":"https:\/\/cdnoticias.com\/index.php\/wp-json\/wp\/v2\/posts\/125417\/revisions"}],"wp:featuredmedia":[{"embeddable":true,"href":"https:\/\/cdnoticias.com\/index.php\/wp-json\/wp\/v2\/media\/125418"}],"wp:attachment":[{"href":"https:\/\/cdnoticias.com\/index.php\/wp-json\/wp\/v2\/media?parent=125417"}],"wp:term":[{"taxonomy":"category","embeddable":true,"href":"https:\/\/cdnoticias.com\/index.php\/wp-json\/wp\/v2\/categories?post=125417"},{"taxonomy":"post_tag","embeddable":true,"href":"https:\/\/cdnoticias.com\/index.php\/wp-json\/wp\/v2\/tags?post=125417"}],"curies":[{"name":"wp","href":"https:\/\/api.w.org\/{rel}","templated":true}]}}