{"id":125415,"date":"2024-09-18T14:10:52","date_gmt":"2024-09-18T17:10:52","guid":{"rendered":"https:\/\/cdnoticias.com\/?p=125415"},"modified":"2024-09-18T14:10:54","modified_gmt":"2024-09-18T17:10:54","slug":"se-presentara-el-libro-lenguaje-e-inteligencia-artificial-el-desafio-ia","status":"publish","type":"post","link":"https:\/\/cdnoticias.com\/index.php\/2024\/09\/18\/se-presentara-el-libro-lenguaje-e-inteligencia-artificial-el-desafio-ia\/","title":{"rendered":"Se presentar\u00e1 el libro \u201cLenguaje e inteligencia artificial: el desaf\u00edo IA\u201d"},"content":{"rendered":"\n<p>Ser\u00e1 el 20 de septiembre en el Centro Cultural Universitario a cargo del Doctor Marcelo Babio, docente e investigador de la Facultad de Ciencias Sociales.<\/p>\n\n\n\n<hr class=\"wp-block-separator aligncenter has-alpha-channel-opacity\"\/>\n\n\n\n<p>El pr\u00f3ximo <strong>viernes 20 de septiembre<\/strong> se llevar\u00e1 adelante en el <strong>Centro Cultural Universitario<\/strong> la presentaci\u00f3n de la obra escrita por el <strong>Doctor Marcelo Bab<\/strong>io, docente e investigador de la Facultad de Ciencias Sociales.<\/p>\n\n\n\n<p><\/p>\n\n\n\n<p><strong>\u201cLenguaje e inteligencia artificial: el desaf\u00edo IA\u201d, <\/strong>es el t\u00edtulo del libro que se presentar\u00e1<strong> desde las 18 en la sede ubicada en San Mart\u00edn 1955. <\/strong>El libro re\u00fane textos producidos desde la pr\u00e1ctica docente sobre las implicaciones sociales de la Ciencia.<\/p>\n\n\n\n<p><\/p>\n\n\n\n<p>La obra busca colaborar con los\/as lectores\/as en la comprensi\u00f3n de la <strong>tem\u00e1tica de la inteligencia artificial (IA) <\/strong>desde una perspectiva integral que abarca aspectos cient\u00edfico-t\u00e9cnicos y sus consecuencias sociales y culturales.<\/p>\n\n\n\n<p><\/p>\n\n\n\n<blockquote class=\"wp-block-quote is-layout-flow wp-block-quote-is-layout-flow\">\n<p>En este an\u00e1lisis, se exploran los conceptos fundamentales de la inteligencia artificial y su relaci\u00f3n con el lenguaje, la inteligencia humana, el aprendizaje, la memoria, la capacidad de razonamiento, la toma de decisiones, la colaboraci\u00f3n y la creatividad.<\/p>\n<\/blockquote>\n\n\n\n<p><\/p>\n\n\n\n<p>Adem\u00e1s, se examina c\u00f3mo las disciplinas computacionales retoman modelos inspirados en la biolog\u00eda y las ciencias cognitivas, y se eval\u00faa el impacto de este paradigma en las ciencias sociales y las teor\u00edas del aprendizaje.<\/p>\n\n\n\n<p><\/p>\n\n\n\n<p>En el encuentro estar\u00e1n, junto al Doctor Babio, la soci\u00f3loga Roxana Cabello, Doctora en Comunicaci\u00f3n e investigadora sobre usos sociales de las tecnolog\u00edas; el antrop\u00f3logo Gabriel Noel, Doctor en Ciencias Sociales e investigador del Laboratorio de Neuroingenier\u00eda de la UNSAM (CONICET) y Daniela Godoy, Phd en Ciencias Computacionales, investigadora principal en CONICET y profesora asociada de UNICEN. Adem\u00e1s, presentar\u00e1 el libro el Doctor Exequiel Alonso, docente e investigador de FACSO.<\/p>\n\n\n\n<p><\/p>\n\n\n\n<p><strong><em>\u201cLenguaje e inteligencia artificial: el desaf\u00edo IA\u201d <\/em><\/strong>forma parte de la colecci\u00f3n Cuadernos de C\u00e1tedra del \u00c1rea Editorial de la Facultad de Ciencias Sociales de la UNICEN. El objetivo es promover la producci\u00f3n, circulaci\u00f3n y acceso de contenidos universitarios a diversos lectores.<\/p>\n\n\n\n<p><\/p>\n\n\n\n<p class=\"has-medium-font-size\"><strong>Sobre el autor<\/strong><\/p>\n\n\n\n<p>Marcelo Babio es Doctor en Ciencias Sociales por la UNLP, Licenciado en Psicolog\u00eda de la UBA y codirector del N\u00facleo de Investigaciones Cient\u00edficas Estudios de Comunicaci\u00f3n y Cultura en Olavarr\u00eda (ECCO) de la Facultad de Ciencias Sociales (UNICEN).<\/p>\n\n\n\n<p><\/p>\n\n\n\n<p>Adem\u00e1s, es Profesor titular de las c\u00e1tedras Psicolog\u00eda y Comunicaci\u00f3n y Comunicaci\u00f3n Publicitaria y Marketing de FACSO-UNICEN. Docente a cargo de los seminarios &#8220;Apropiaci\u00f3n consciente de la Inteligencia Artificial&#8221; en UBA y UNICEN.<\/p>\n\n\n\n<p><\/p>\n\n\n\n<p>Su trabajo de investigaci\u00f3n acad\u00e9mica en UNICEN se centra en el monitoreo y evaluaci\u00f3n de las transformaciones en el ecosistema comunicacional a partir de la evoluci\u00f3n de las tecnolog\u00edas de la informaci\u00f3n y la inteligencia artificial.<\/p>\n","protected":false},"excerpt":{"rendered":"<p>Ser\u00e1 el 20 de septiembre en el Centro Cultural Universitario a cargo del Doctor Marcelo Babio, docente e investigador de<\/p>\n","protected":false},"author":6,"featured_media":81938,"comment_status":"closed","ping_status":"closed","sticky":false,"template":"","format":"standard","meta":{"_jetpack_memberships_contains_paid_content":false,"footnotes":""},"categories":[5,1],"tags":[],"class_list":["post-125415","post","type-post","status-publish","format-standard","has-post-thumbnail","hentry","category-informacion-general","category-portada"],"jetpack_featured_media_url":"https:\/\/i0.wp.com\/cdnoticias.com\/wp-content\/uploads\/2023\/04\/Centro-Cultural-Universitario-1.jpg?fit=1280%2C712&ssl=1","jetpack_sharing_enabled":true,"_links":{"self":[{"href":"https:\/\/cdnoticias.com\/index.php\/wp-json\/wp\/v2\/posts\/125415","targetHints":{"allow":["GET"]}}],"collection":[{"href":"https:\/\/cdnoticias.com\/index.php\/wp-json\/wp\/v2\/posts"}],"about":[{"href":"https:\/\/cdnoticias.com\/index.php\/wp-json\/wp\/v2\/types\/post"}],"author":[{"embeddable":true,"href":"https:\/\/cdnoticias.com\/index.php\/wp-json\/wp\/v2\/users\/6"}],"replies":[{"embeddable":true,"href":"https:\/\/cdnoticias.com\/index.php\/wp-json\/wp\/v2\/comments?post=125415"}],"version-history":[{"count":0,"href":"https:\/\/cdnoticias.com\/index.php\/wp-json\/wp\/v2\/posts\/125415\/revisions"}],"wp:featuredmedia":[{"embeddable":true,"href":"https:\/\/cdnoticias.com\/index.php\/wp-json\/wp\/v2\/media\/81938"}],"wp:attachment":[{"href":"https:\/\/cdnoticias.com\/index.php\/wp-json\/wp\/v2\/media?parent=125415"}],"wp:term":[{"taxonomy":"category","embeddable":true,"href":"https:\/\/cdnoticias.com\/index.php\/wp-json\/wp\/v2\/categories?post=125415"},{"taxonomy":"post_tag","embeddable":true,"href":"https:\/\/cdnoticias.com\/index.php\/wp-json\/wp\/v2\/tags?post=125415"}],"curies":[{"name":"wp","href":"https:\/\/api.w.org\/{rel}","templated":true}]}}