{"id":12539,"date":"2021-01-29T20:53:07","date_gmt":"2021-01-29T23:53:07","guid":{"rendered":"http:\/\/www.centraldenoticias.com.ar\/?p=12539"},"modified":"2021-01-30T09:38:09","modified_gmt":"2021-01-30T12:38:09","slug":"realizaran-obras-de-infraestructura-educativa-por-casi-30-millones-de-pesos","status":"publish","type":"post","link":"https:\/\/cdnoticias.com\/index.php\/2021\/01\/29\/realizaran-obras-de-infraestructura-educativa-por-casi-30-millones-de-pesos\/","title":{"rendered":"Realizar\u00e1n obras de infraestructura educativa por casi 30 millones de pesos"},"content":{"rendered":"<p>Las licitaciones ser\u00e1n a mediados de febrero y los trabajos se concretar\u00e1n en la Escuela Secundaria N\u00b014, el CEF N\u00b044 y la Escuela T\u00e9cnica N\u00b01.<!--more--><\/p>\n<hr \/>\n<p>Desde el Municipio se inform\u00f3 que durante este 2021 continuar\u00e1n las obras en diferentes establecimientos educativos, <strong>cuyas licitaciones tendr\u00e1n lugar los d\u00edas 18 y 19 de febrero.<\/strong><\/p>\n<p>&nbsp;<\/p>\n<p><em>\u201cLas obras en escuelas e instituciones educativas del Partido de Olavarr\u00eda propician el desarrollo de procesos de ense\u00f1anza y aprendizaje, en condiciones adecuadas y con igualdad de oportunidades para la formaci\u00f3n de ni\u00f1os y ni\u00f1as\u201d<\/em>, manifest\u00f3 el intendente Ezequiel Galli al tiempo que consider\u00f3 que <em>\u201cincide directamente en el rendimiento acad\u00e9mico de los estudiantes\u201d.<\/em><\/p>\n<p>&nbsp;<\/p>\n<p>Respecto a los trabajos que se realizar\u00e1n, se prev\u00e9 la obra de <strong>ampliaci\u00f3n de la Escuela Secundaria N\u00ba14, reformas en el CEF N\u00ba44, y reformas y ampliaci\u00f3n en la Escuela T\u00e9cnica N\u00ba1,<\/strong> estas \u00faltimas instituciones en el Barrio CECO I.<\/p>\n<p>&nbsp;<\/p>\n<p>Como ocurre en cada proceso licitatorio, el pliego de bases y condiciones puede ser consultado en la Direcci\u00f3n de Licitaciones (ubicada en el Palacio San Mart\u00edn) o en la <a href=\"https:\/\/www.olavarria.gov.ar\/\" target=\"_blank\" rel=\"noopener\">p\u00e1gina web del Municipio<\/a>. Los sobres deber\u00e1n entregarse en la dependencia hasta media horas antes del comienzo del acto de apertura.<\/p>\n<p>&nbsp;<\/p>\n<p>El presupuesto oficial fijado para estas obras es de <strong>m\u00e1s de 27 millones de pesos.<\/strong><\/p>\n","protected":false},"excerpt":{"rendered":"<p>Las licitaciones ser\u00e1n a mediados de febrero y los trabajos se concretar\u00e1n en la Escuela Secundaria N\u00b014, el CEF N\u00b044<\/p>\n","protected":false},"author":5,"featured_media":12540,"comment_status":"closed","ping_status":"closed","sticky":false,"template":"","format":"standard","meta":{"_jetpack_memberships_contains_paid_content":false,"footnotes":""},"categories":[5,1],"tags":[],"class_list":["post-12539","post","type-post","status-publish","format-standard","has-post-thumbnail","hentry","category-informacion-general","category-portada"],"jetpack_featured_media_url":"https:\/\/i0.wp.com\/cdnoticias.com\/wp-content\/uploads\/2021\/01\/Obras-Jardin-N%C2%B0930-1-1024x685.jpg?fit=1024%2C685&ssl=1","jetpack_sharing_enabled":true,"_links":{"self":[{"href":"https:\/\/cdnoticias.com\/index.php\/wp-json\/wp\/v2\/posts\/12539","targetHints":{"allow":["GET"]}}],"collection":[{"href":"https:\/\/cdnoticias.com\/index.php\/wp-json\/wp\/v2\/posts"}],"about":[{"href":"https:\/\/cdnoticias.com\/index.php\/wp-json\/wp\/v2\/types\/post"}],"author":[{"embeddable":true,"href":"https:\/\/cdnoticias.com\/index.php\/wp-json\/wp\/v2\/users\/5"}],"replies":[{"embeddable":true,"href":"https:\/\/cdnoticias.com\/index.php\/wp-json\/wp\/v2\/comments?post=12539"}],"version-history":[{"count":0,"href":"https:\/\/cdnoticias.com\/index.php\/wp-json\/wp\/v2\/posts\/12539\/revisions"}],"wp:featuredmedia":[{"embeddable":true,"href":"https:\/\/cdnoticias.com\/index.php\/wp-json\/wp\/v2\/media\/12540"}],"wp:attachment":[{"href":"https:\/\/cdnoticias.com\/index.php\/wp-json\/wp\/v2\/media?parent=12539"}],"wp:term":[{"taxonomy":"category","embeddable":true,"href":"https:\/\/cdnoticias.com\/index.php\/wp-json\/wp\/v2\/categories?post=12539"},{"taxonomy":"post_tag","embeddable":true,"href":"https:\/\/cdnoticias.com\/index.php\/wp-json\/wp\/v2\/tags?post=12539"}],"curies":[{"name":"wp","href":"https:\/\/api.w.org\/{rel}","templated":true}]}}