{"id":125330,"date":"2024-09-14T10:24:09","date_gmt":"2024-09-14T13:24:09","guid":{"rendered":"https:\/\/cdnoticias.com\/?p=125330"},"modified":"2024-09-14T10:24:11","modified_gmt":"2024-09-14T13:24:11","slug":"con-presencia-olavarriense-reunion-por-la-unidad-de-pro-libertad-y-lla","status":"publish","type":"post","link":"https:\/\/cdnoticias.com\/index.php\/2024\/09\/14\/con-presencia-olavarriense-reunion-por-la-unidad-de-pro-libertad-y-lla\/","title":{"rendered":"Con presencia olavarriense, reuni\u00f3n por la unidad de Pro Libertad y LLA"},"content":{"rendered":"<p>El encuentro se realiz\u00f3 en Almirante Brown y estuvo Andrea Coronel junto a otros dirigentes del bullrichismo de la S\u00e9ptima. \u201cEl fin fue definir el armado electoral com\u00fan para el a\u00f1o pr\u00f3ximo\u201d se inform\u00f3.<!--more--><\/p>\n<hr \/>\n<p>El <strong>ala bullrichista del PRO bonaerense<\/strong> y<strong> La Libertad Avanza<\/strong> se reunieron el martes en una <strong>\u201cmesa pol\u00edtica ampliada\u201d<\/strong> en Almirante Brown. La reuni\u00f3n fue encabezada por la diputada provincial y presidenta del bloque Pro Libertad <strong>Florencia Retamoso<\/strong> y <strong>Sebasti\u00e1n Pareja<\/strong>, subsecretario de Integraci\u00f3n Socio Urbana y coordinador provincial del espacio libertario.<\/p>\n<blockquote><p>\u201cEl fin fue definir el armado electoral com\u00fan para el a\u00f1o pr\u00f3ximo\u201d se inform\u00f3 desde el bullrichismo.<\/p><\/blockquote>\n<p>Hubo representaci\u00f3n olavarriense en ese encuentro: <strong>Andrea Coronel, coordinadora del espacio Pro-Libertad en la S\u00e9ptima secci\u00f3n electoral<\/strong>, particip\u00f3 y la acompa\u00f1aron referentes de los distritos de Azul (Franco Bautista), Tapalqu\u00e9 (Adri\u00e1n Valente), General Alvear (Juan Godoy Cascallares), Saladillo (Leonardo Bruno), 25 de Mayo (Pamela Cardozo), Roque P\u00e9rez (Jorge Villaruel) y Bol\u00edvar (Evelin Bucca).<\/p>\n<p><strong>\u201cLa unidad entre La Libertad Avanza y el PRO de Patricia Bullrich, espacio ahora denominado La Fuerza del Cambio, es un hecho\u201d<\/strong> se subray\u00f3 desde el sector bullrichista de Olavarr\u00eda.<\/p>\n<p><img data-recalc-dims=\"1\" loading=\"lazy\" decoding=\"async\" class=\"size-full wp-image-125332 aligncenter\" src=\"https:\/\/i0.wp.com\/cdnoticias.com\/wp-content\/uploads\/2024\/09\/fuerza-del-cambio-prolibertad-LLA-andrea-coronel-00.jpg?resize=800%2C445&#038;ssl=1\" alt=\"\" width=\"800\" height=\"445\" srcset=\"https:\/\/i0.wp.com\/cdnoticias.com\/wp-content\/uploads\/2024\/09\/fuerza-del-cambio-prolibertad-LLA-andrea-coronel-00.jpg?w=1000&amp;ssl=1 1000w, https:\/\/i0.wp.com\/cdnoticias.com\/wp-content\/uploads\/2024\/09\/fuerza-del-cambio-prolibertad-LLA-andrea-coronel-00.jpg?resize=300%2C167&amp;ssl=1 300w, https:\/\/i0.wp.com\/cdnoticias.com\/wp-content\/uploads\/2024\/09\/fuerza-del-cambio-prolibertad-LLA-andrea-coronel-00.jpg?resize=768%2C427&amp;ssl=1 768w, https:\/\/i0.wp.com\/cdnoticias.com\/wp-content\/uploads\/2024\/09\/fuerza-del-cambio-prolibertad-LLA-andrea-coronel-00.jpg?resize=800%2C445&amp;ssl=1 800w\" sizes=\"auto, (max-width: 800px) 100vw, 800px\" \/><\/p>\n<p>Adem\u00e1s estuvieron presentes el nuevo secretario de Culto y Civilizaci\u00f3n Nahuel Sotelo; el intendente de Tres de Febrero, Diego Valenzuela; el diputado nacional Gerardo Milman; el diputado provincial de LLA Agust\u00edn Romo; la diputada del Parlasur, Miriam Niveyro, la senadora provincial Daniela Reich, entre otros.<\/p>\n<p>En ese marco, <strong>la presidenta del bloque PRO Libertad en Diputados bonaerenses, Florencia Retamoso reivindic\u00f3 a Patricia Bullrich<\/strong> y se\u00f1al\u00f3 que <strong>\u201cella fue una valiente que entendi\u00f3 que el electorado estaba reclamando un cambio profundo<\/strong> y que hab\u00eda que, por la patria, acompa\u00f1ar a Javier Milei para frenar el populismo&#8221;.<\/p>\n<p>Y agreg\u00f3: <strong>&#8220;Hoy tenemos al peor gobernador de la historia<\/strong> y sabemos que hay que abanderar a la provincia de Buenos Aires con aires de Libertad y Cambio&#8221; sentenci\u00f3 la presidente del Bloque Pro- Libertad.<\/p>\n<p>Finalizando el evento, <strong>Patricia Bullrich envi\u00f3 un video<\/strong> afirmando su postura: <em>\u201cEl objetivo de esta reuni\u00f3n es la unidad de todos los que queremos el cambio, los que estamos luchando para que la Argentina salga adelante de una vez y para siempre\u201d. Y a\u00f1adi\u00f3 \u201cesta unidad es la que queremos en los 135 distritos de la provincia de Buenos Aires\u201d.<\/em><\/p>\n","protected":false},"excerpt":{"rendered":"<p>El encuentro se realiz\u00f3 en Almirante Brown y estuvo Andrea Coronel junto a otros dirigentes del bullrichismo de la S\u00e9ptima.<\/p>\n","protected":false},"author":4,"featured_media":125331,"comment_status":"closed","ping_status":"closed","sticky":false,"template":"","format":"standard","meta":{"_jetpack_memberships_contains_paid_content":false,"footnotes":""},"categories":[4,1],"tags":[],"class_list":["post-125330","post","type-post","status-publish","format-standard","has-post-thumbnail","hentry","category-politica","category-portada"],"jetpack_featured_media_url":"https:\/\/i0.wp.com\/cdnoticias.com\/wp-content\/uploads\/2024\/09\/fuerza-del-cambio-prolibertad-LLA-andrea-coronel-01-retamoso-pareja.jpg?fit=1000%2C556&ssl=1","jetpack_sharing_enabled":true,"_links":{"self":[{"href":"https:\/\/cdnoticias.com\/index.php\/wp-json\/wp\/v2\/posts\/125330","targetHints":{"allow":["GET"]}}],"collection":[{"href":"https:\/\/cdnoticias.com\/index.php\/wp-json\/wp\/v2\/posts"}],"about":[{"href":"https:\/\/cdnoticias.com\/index.php\/wp-json\/wp\/v2\/types\/post"}],"author":[{"embeddable":true,"href":"https:\/\/cdnoticias.com\/index.php\/wp-json\/wp\/v2\/users\/4"}],"replies":[{"embeddable":true,"href":"https:\/\/cdnoticias.com\/index.php\/wp-json\/wp\/v2\/comments?post=125330"}],"version-history":[{"count":0,"href":"https:\/\/cdnoticias.com\/index.php\/wp-json\/wp\/v2\/posts\/125330\/revisions"}],"wp:featuredmedia":[{"embeddable":true,"href":"https:\/\/cdnoticias.com\/index.php\/wp-json\/wp\/v2\/media\/125331"}],"wp:attachment":[{"href":"https:\/\/cdnoticias.com\/index.php\/wp-json\/wp\/v2\/media?parent=125330"}],"wp:term":[{"taxonomy":"category","embeddable":true,"href":"https:\/\/cdnoticias.com\/index.php\/wp-json\/wp\/v2\/categories?post=125330"},{"taxonomy":"post_tag","embeddable":true,"href":"https:\/\/cdnoticias.com\/index.php\/wp-json\/wp\/v2\/tags?post=125330"}],"curies":[{"name":"wp","href":"https:\/\/api.w.org\/{rel}","templated":true}]}}